{"id":2981,"date":"2023-03-19T12:46:06","date_gmt":"2023-03-19T12:46:06","guid":{"rendered":"https:\/\/radiojabato.es\/?p=2981"},"modified":"2023-03-19T12:46:07","modified_gmt":"2023-03-19T12:46:07","slug":"el-quijote4-3-ies-maria-moliner-apoya-a-bubisher","status":"publish","type":"post","link":"https:\/\/radiojabato.es\/?p=2981","title":{"rendered":"El Quijote4.3 &#8211; IES Mar\u00eda Moliner, apoya a Bubisher."},"content":{"rendered":"\n<iframe frameborder='0' allowfullscreen='' scrolling='no' height='200' style='width:100%;' src='https:\/\/www.ivoox.com\/player_ej_104788304_6_1.html?c1=04041c' loading='lazy'><\/iframe>\n\n\n\n<figure class=\"wp-block-image size-large is-resized\"><img loading=\"lazy\" decoding=\"async\" src=\"https:\/\/radiojabato.es\/wp-content\/uploads\/2023\/03\/Sahara-1-1024x768.jpg\" alt=\"\" class=\"wp-image-2982\" width=\"247\" height=\"185\" srcset=\"https:\/\/radiojabato.es\/wp-content\/uploads\/2023\/03\/Sahara-1-1024x768.jpg 1024w, https:\/\/radiojabato.es\/wp-content\/uploads\/2023\/03\/Sahara-1-300x225.jpg 300w, https:\/\/radiojabato.es\/wp-content\/uploads\/2023\/03\/Sahara-1-768x576.jpg 768w, https:\/\/radiojabato.es\/wp-content\/uploads\/2023\/03\/Sahara-1.jpg 1280w\" sizes=\"auto, (max-width: 247px) 100vw, 247px\" \/><\/figure>\n\n\n\n<p>\u00a1\u00a1\u00a1MERCADILLO SOLIDARIO por el S\u00c1HARA!!!<br>Por parte del IES Mar\u00eda Moliner, recibimos en Radio Jabato a Mar Narv\u00e1ez (Profesora de Historia y Jefa de Extra-escolares) y a Pilar Zurdo (Presidenta del AMPA), por parte y por parte de la Asociaci\u00f3n Bubisher (escritores por el S\u00e1hara), recibimos a Eustaquio Lanillos (Secretario) y C\u00e1ndida Santiago (Activista). El alumnado de este instituto de Coslada est\u00e1 concienciado con el poder que tienen para ayudar a proyectos de pa\u00edses en subdesarrollo. La cultura, los libros, la lectura, es la cuna del conocimiento, y \u00abEL CONOCIMIENTO&#8230; NO ENTIENDE DE FRONTERAS Y HACE EL MUNDO MEJOR Y M\u00c1S GRANDE\u00bb.<br>El \u00abS\u00e1hara Occidental\u00bb, aunque est\u00e9 olvidado por parte del estado espa\u00f1ol, dadas sus \u00faltimas decisiones, NO EST\u00c1 OLVIDADO POR EL PUEBLO ESPA\u00d1OL (j\u00f3venes y menos j\u00f3venes).<\/p>\n","protected":false},"excerpt":{"rendered":"<p>\u00a1\u00a1\u00a1MERCADILLO SOLIDARIO por el S\u00c1HARA!!!Por parte del IES Mar\u00eda Moliner, recibimos en Radio Jabato a Mar Narv\u00e1ez (Profesora de Historia y Jefa de Extra-escolares) y a Pilar Zurdo (Presidenta del [&hellip;]<\/p>\n","protected":false},"author":2,"featured_media":0,"comment_status":"open","ping_status":"open","sticky":false,"template":"","format":"standard","meta":{"footnotes":""},"categories":[5],"tags":[742,557,57,302,741],"class_list":["post-2981","post","type-post","status-publish","format-standard","hentry","category-elquijote4-3","tag-ampa-maria-moliner","tag-bubisher","tag-coslada","tag-cultura","tag-ies-maria-moliner"],"_links":{"self":[{"href":"https:\/\/radiojabato.es\/index.php?rest_route=\/wp\/v2\/posts\/2981","targetHints":{"allow":["GET"]}}],"collection":[{"href":"https:\/\/radiojabato.es\/index.php?rest_route=\/wp\/v2\/posts"}],"about":[{"href":"https:\/\/radiojabato.es\/index.php?rest_route=\/wp\/v2\/types\/post"}],"author":[{"embeddable":true,"href":"https:\/\/radiojabato.es\/index.php?rest_route=\/wp\/v2\/users\/2"}],"replies":[{"embeddable":true,"href":"https:\/\/radiojabato.es\/index.php?rest_route=%2Fwp%2Fv2%2Fcomments&post=2981"}],"version-history":[{"count":1,"href":"https:\/\/radiojabato.es\/index.php?rest_route=\/wp\/v2\/posts\/2981\/revisions"}],"predecessor-version":[{"id":2983,"href":"https:\/\/radiojabato.es\/index.php?rest_route=\/wp\/v2\/posts\/2981\/revisions\/2983"}],"wp:attachment":[{"href":"https:\/\/radiojabato.es\/index.php?rest_route=%2Fwp%2Fv2%2Fmedia&parent=2981"}],"wp:term":[{"taxonomy":"category","embeddable":true,"href":"https:\/\/radiojabato.es\/index.php?rest_route=%2Fwp%2Fv2%2Fcategories&post=2981"},{"taxonomy":"post_tag","embeddable":true,"href":"https:\/\/radiojabato.es\/index.php?rest_route=%2Fwp%2Fv2%2Ftags&post=2981"}],"curies":[{"name":"wp","href":"https:\/\/api.w.org\/{rel}","templated":true}]}}