{"id":2974,"date":"2023-03-15T20:13:09","date_gmt":"2023-03-15T20:13:09","guid":{"rendered":"https:\/\/radiojabato.es\/?p=2974"},"modified":"2023-03-15T20:13:10","modified_gmt":"2023-03-15T20:13:10","slug":"entre-el-espacio-tiempo-conversando-con-prospera","status":"publish","type":"post","link":"https:\/\/radiojabato.es\/?p=2974","title":{"rendered":"Entre El Espacio Tiempo: \u00abConversando con Prospera.\u00bb"},"content":{"rendered":"\n<iframe frameborder='0' allowfullscreen='' scrolling='no' height='200' style='width:100%;' src='https:\/\/www.ivoox.com\/player_ej_104676350_6_1.html?c1=367291' loading='lazy'><\/iframe>\n\n\n\n<figure class=\"wp-block-image size-full is-resized\"><img loading=\"lazy\" decoding=\"async\" src=\"https:\/\/radiojabato.es\/wp-content\/uploads\/2023\/03\/AAAABf2gA6UEI69dr5V8eHfRAHGN_Qx4HDRFMhTRfNXcshmTXvxiPwn8_dnrfhU.jpg\" alt=\"\" class=\"wp-image-2975\" width=\"211\" height=\"119\" srcset=\"https:\/\/radiojabato.es\/wp-content\/uploads\/2023\/03\/AAAABf2gA6UEI69dr5V8eHfRAHGN_Qx4HDRFMhTRfNXcshmTXvxiPwn8_dnrfhU.jpg 448w, https:\/\/radiojabato.es\/wp-content\/uploads\/2023\/03\/AAAABf2gA6UEI69dr5V8eHfRAHGN_Qx4HDRFMhTRfNXcshmTXvxiPwn8_dnrfhU-300x169.jpg 300w\" sizes=\"auto, (max-width: 211px) 100vw, 211px\" \/><\/figure>\n\n\n\n<p>Hoy tenemos una leyenda, \u00abEl jinete sin cabeza\u00bb, nos la cuenta Tomas Ca\u00f1adas y compartimos el programa mundo ovni digital en el que colabor\u00f3.<br>Nuestra invitada hoy es Pr\u00f3spera Mu\u00f1oz.<\/p>\n","protected":false},"excerpt":{"rendered":"<p>Hoy tenemos una leyenda, \u00abEl jinete sin cabeza\u00bb, nos la cuenta Tomas Ca\u00f1adas y compartimos el programa mundo ovni digital en el que colabor\u00f3.Nuestra invitada hoy es Pr\u00f3spera Mu\u00f1oz.<\/p>\n","protected":false},"author":2,"featured_media":0,"comment_status":"open","ping_status":"open","sticky":false,"template":"","format":"standard","meta":{"footnotes":""},"categories":[90],"tags":[274,111,510,125,165],"class_list":["post-2974","post","type-post","status-publish","format-standard","hentry","category-entre-el-espacio-tiempo","tag-desconocido","tag-enigmas","tag-leyendas","tag-misterios","tag-ovnis"],"_links":{"self":[{"href":"https:\/\/radiojabato.es\/index.php?rest_route=\/wp\/v2\/posts\/2974","targetHints":{"allow":["GET"]}}],"collection":[{"href":"https:\/\/radiojabato.es\/index.php?rest_route=\/wp\/v2\/posts"}],"about":[{"href":"https:\/\/radiojabato.es\/index.php?rest_route=\/wp\/v2\/types\/post"}],"author":[{"embeddable":true,"href":"https:\/\/radiojabato.es\/index.php?rest_route=\/wp\/v2\/users\/2"}],"replies":[{"embeddable":true,"href":"https:\/\/radiojabato.es\/index.php?rest_route=%2Fwp%2Fv2%2Fcomments&post=2974"}],"version-history":[{"count":1,"href":"https:\/\/radiojabato.es\/index.php?rest_route=\/wp\/v2\/posts\/2974\/revisions"}],"predecessor-version":[{"id":2976,"href":"https:\/\/radiojabato.es\/index.php?rest_route=\/wp\/v2\/posts\/2974\/revisions\/2976"}],"wp:attachment":[{"href":"https:\/\/radiojabato.es\/index.php?rest_route=%2Fwp%2Fv2%2Fmedia&parent=2974"}],"wp:term":[{"taxonomy":"category","embeddable":true,"href":"https:\/\/radiojabato.es\/index.php?rest_route=%2Fwp%2Fv2%2Fcategories&post=2974"},{"taxonomy":"post_tag","embeddable":true,"href":"https:\/\/radiojabato.es\/index.php?rest_route=%2Fwp%2Fv2%2Ftags&post=2974"}],"curies":[{"name":"wp","href":"https:\/\/api.w.org\/{rel}","templated":true}]}}