{"id":2915,"date":"2023-03-06T21:24:23","date_gmt":"2023-03-06T21:24:23","guid":{"rendered":"https:\/\/radiojabato.es\/?p=2915"},"modified":"2024-02-25T13:45:15","modified_gmt":"2024-02-25T13:45:15","slug":"a-pie-de-calle-xxxi-marcha-por-la-igualdad","status":"publish","type":"post","link":"https:\/\/radiojabato.es\/?p=2915","title":{"rendered":"A Pie De Calle: \u00abXXXI Marcha Por La Igualdad\u00bb"},"content":{"rendered":"\n<iframe frameborder='0' allowfullscreen='' scrolling='no' height='200' style='width:100%;' src='https:\/\/www.ivoox.com\/player_ej_104133263_6_1.html?c1=04040c' loading='lazy'><\/iframe>\n\n\n\n<figure class=\"wp-block-gallery has-nested-images columns-default is-cropped wp-block-gallery-1 is-layout-flex wp-block-gallery-is-layout-flex\">\n<figure class=\"wp-block-image size-large\"><img loading=\"lazy\" decoding=\"async\" width=\"995\" height=\"768\" data-id=\"2919\" src=\"https:\/\/radiojabato.es\/wp-content\/uploads\/2023\/03\/5M-2.jpg\" alt=\"\" class=\"wp-image-2919\" srcset=\"https:\/\/radiojabato.es\/wp-content\/uploads\/2023\/03\/5M-2.jpg 995w, https:\/\/radiojabato.es\/wp-content\/uploads\/2023\/03\/5M-2-300x232.jpg 300w, https:\/\/radiojabato.es\/wp-content\/uploads\/2023\/03\/5M-2-768x593.jpg 768w\" sizes=\"auto, (max-width: 995px) 100vw, 995px\" \/><\/figure>\n\n\n\n<figure class=\"wp-block-image size-large\"><img loading=\"lazy\" decoding=\"async\" width=\"224\" height=\"225\" data-id=\"2916\" src=\"https:\/\/radiojabato.es\/wp-content\/uploads\/2023\/03\/descarga.jpg\" alt=\"\" class=\"wp-image-2916\" srcset=\"https:\/\/radiojabato.es\/wp-content\/uploads\/2023\/03\/descarga.jpg 224w, https:\/\/radiojabato.es\/wp-content\/uploads\/2023\/03\/descarga-150x150.jpg 150w\" sizes=\"auto, (max-width: 224px) 100vw, 224px\" \/><\/figure>\n\n\n\n<figure class=\"wp-block-image size-large\"><img loading=\"lazy\" decoding=\"async\" width=\"1024\" height=\"768\" data-id=\"2918\" src=\"https:\/\/radiojabato.es\/wp-content\/uploads\/2023\/03\/photo_2023-03-06_22-20-47-1024x768.jpg\" alt=\"\" class=\"wp-image-2918\" srcset=\"https:\/\/radiojabato.es\/wp-content\/uploads\/2023\/03\/photo_2023-03-06_22-20-47-1024x768.jpg 1024w, https:\/\/radiojabato.es\/wp-content\/uploads\/2023\/03\/photo_2023-03-06_22-20-47-300x225.jpg 300w, https:\/\/radiojabato.es\/wp-content\/uploads\/2023\/03\/photo_2023-03-06_22-20-47-768x576.jpg 768w, https:\/\/radiojabato.es\/wp-content\/uploads\/2023\/03\/photo_2023-03-06_22-20-47.jpg 1280w\" sizes=\"auto, (max-width: 1024px) 100vw, 1024px\" \/><\/figure>\n\n\n\n<figure class=\"wp-block-image size-large\"><img loading=\"lazy\" decoding=\"async\" width=\"1024\" height=\"768\" data-id=\"2920\" src=\"https:\/\/radiojabato.es\/wp-content\/uploads\/2023\/03\/photo_2023-03-06_22-20-56-1024x768.jpg\" alt=\"\" class=\"wp-image-2920\" srcset=\"https:\/\/radiojabato.es\/wp-content\/uploads\/2023\/03\/photo_2023-03-06_22-20-56-1024x768.jpg 1024w, https:\/\/radiojabato.es\/wp-content\/uploads\/2023\/03\/photo_2023-03-06_22-20-56-300x225.jpg 300w, https:\/\/radiojabato.es\/wp-content\/uploads\/2023\/03\/photo_2023-03-06_22-20-56-768x576.jpg 768w, https:\/\/radiojabato.es\/wp-content\/uploads\/2023\/03\/photo_2023-03-06_22-20-56.jpg 1280w\" sizes=\"auto, (max-width: 1024px) 100vw, 1024px\" \/><\/figure>\n\n\n\n<figure class=\"wp-block-image size-large\"><img loading=\"lazy\" decoding=\"async\" width=\"723\" height=\"1024\" data-id=\"2917\" src=\"https:\/\/radiojabato.es\/wp-content\/uploads\/2023\/03\/photo_2023-03-06_22-21-03-723x1024.jpg\" alt=\"\" class=\"wp-image-2917\" srcset=\"https:\/\/radiojabato.es\/wp-content\/uploads\/2023\/03\/photo_2023-03-06_22-21-03-723x1024.jpg 723w, https:\/\/radiojabato.es\/wp-content\/uploads\/2023\/03\/photo_2023-03-06_22-21-03-212x300.jpg 212w, https:\/\/radiojabato.es\/wp-content\/uploads\/2023\/03\/photo_2023-03-06_22-21-03-768x1087.jpg 768w, https:\/\/radiojabato.es\/wp-content\/uploads\/2023\/03\/photo_2023-03-06_22-21-03.jpg 904w\" sizes=\"auto, (max-width: 723px) 100vw, 723px\" \/><\/figure>\n\n\n\n<figure class=\"wp-block-image size-large\"><img loading=\"lazy\" decoding=\"async\" width=\"1024\" height=\"768\" data-id=\"2921\" src=\"https:\/\/radiojabato.es\/wp-content\/uploads\/2023\/03\/photo_2023-03-06_22-21-11-1024x768.jpg\" alt=\"\" class=\"wp-image-2921\" srcset=\"https:\/\/radiojabato.es\/wp-content\/uploads\/2023\/03\/photo_2023-03-06_22-21-11-1024x768.jpg 1024w, https:\/\/radiojabato.es\/wp-content\/uploads\/2023\/03\/photo_2023-03-06_22-21-11-300x225.jpg 300w, https:\/\/radiojabato.es\/wp-content\/uploads\/2023\/03\/photo_2023-03-06_22-21-11-768x576.jpg 768w, https:\/\/radiojabato.es\/wp-content\/uploads\/2023\/03\/photo_2023-03-06_22-21-11.jpg 1280w\" sizes=\"auto, (max-width: 1024px) 100vw, 1024px\" \/><\/figure>\n<\/figure>\n\n\n\n<p>Declaraciones recogidas \u00abA Pie De Calle\u00bb en la Plaza Mayor de Coslada durante la XXXI Marcha de la Igualdad en puertas del 8M donde las representantes de Asociaciones, del equipo de Gobierno y Concejalas nos comentan en estas fechas tan se\u00f1aladas como es necesario cada d\u00eda m\u00e1s luchar por la igualdad.<\/p>\n","protected":false},"excerpt":{"rendered":"<p>Declaraciones recogidas \u00abA Pie De Calle\u00bb en la Plaza Mayor de Coslada durante la XXXI Marcha de la Igualdad en puertas del 8M donde las representantes de Asociaciones, del equipo [&hellip;]<\/p>\n","protected":false},"author":2,"featured_media":0,"comment_status":"open","ping_status":"open","sticky":false,"template":"","format":"standard","meta":{"footnotes":""},"categories":[561],"tags":[57,187,542,722],"class_list":["post-2915","post","type-post","status-publish","format-standard","hentry","category-a-pie-de-calle","tag-coslada","tag-feminismo","tag-igualdad","tag-marcha-de-la-igualdad"],"_links":{"self":[{"href":"https:\/\/radiojabato.es\/index.php?rest_route=\/wp\/v2\/posts\/2915","targetHints":{"allow":["GET"]}}],"collection":[{"href":"https:\/\/radiojabato.es\/index.php?rest_route=\/wp\/v2\/posts"}],"about":[{"href":"https:\/\/radiojabato.es\/index.php?rest_route=\/wp\/v2\/types\/post"}],"author":[{"embeddable":true,"href":"https:\/\/radiojabato.es\/index.php?rest_route=\/wp\/v2\/users\/2"}],"replies":[{"embeddable":true,"href":"https:\/\/radiojabato.es\/index.php?rest_route=%2Fwp%2Fv2%2Fcomments&post=2915"}],"version-history":[{"count":1,"href":"https:\/\/radiojabato.es\/index.php?rest_route=\/wp\/v2\/posts\/2915\/revisions"}],"predecessor-version":[{"id":2922,"href":"https:\/\/radiojabato.es\/index.php?rest_route=\/wp\/v2\/posts\/2915\/revisions\/2922"}],"wp:attachment":[{"href":"https:\/\/radiojabato.es\/index.php?rest_route=%2Fwp%2Fv2%2Fmedia&parent=2915"}],"wp:term":[{"taxonomy":"category","embeddable":true,"href":"https:\/\/radiojabato.es\/index.php?rest_route=%2Fwp%2Fv2%2Fcategories&post=2915"},{"taxonomy":"post_tag","embeddable":true,"href":"https:\/\/radiojabato.es\/index.php?rest_route=%2Fwp%2Fv2%2Ftags&post=2915"}],"curies":[{"name":"wp","href":"https:\/\/api.w.org\/{rel}","templated":true}]}}