{"id":2840,"date":"2023-02-15T19:22:33","date_gmt":"2023-02-15T19:22:33","guid":{"rendered":"https:\/\/radiojabato.es\/?p=2840"},"modified":"2024-02-25T13:46:19","modified_gmt":"2024-02-25T13:46:19","slug":"a-pie-de-calle-concentracion-de-vecinos-linea-7b-de-metro","status":"publish","type":"post","link":"https:\/\/radiojabato.es\/?p=2840","title":{"rendered":"A Pie De Calle: \u00abConcentraci\u00f3n de Vecinos L\u00ednea 7b de Metro.\u00bb"},"content":{"rendered":"\n<iframe frameborder='0' allowfullscreen='' scrolling='no' height='200' style='width:100%;' src='https:\/\/www.ivoox.com\/player_ej_103177244_6_1.html?c1=04040c' loading='lazy'><\/iframe>\n\n\n\n<figure class=\"wp-block-gallery has-nested-images columns-default is-cropped wp-block-gallery-1 is-layout-flex wp-block-gallery-is-layout-flex\">\n<figure class=\"wp-block-image size-large\"><img loading=\"lazy\" decoding=\"async\" width=\"1024\" height=\"768\" data-id=\"2844\" src=\"https:\/\/radiojabato.es\/wp-content\/uploads\/2023\/02\/photo_2023-02-15_19-43-57-1024x768.jpg\" alt=\"\" class=\"wp-image-2844\" srcset=\"https:\/\/radiojabato.es\/wp-content\/uploads\/2023\/02\/photo_2023-02-15_19-43-57-1024x768.jpg 1024w, https:\/\/radiojabato.es\/wp-content\/uploads\/2023\/02\/photo_2023-02-15_19-43-57-300x225.jpg 300w, https:\/\/radiojabato.es\/wp-content\/uploads\/2023\/02\/photo_2023-02-15_19-43-57-768x576.jpg 768w, https:\/\/radiojabato.es\/wp-content\/uploads\/2023\/02\/photo_2023-02-15_19-43-57.jpg 1280w\" sizes=\"auto, (max-width: 1024px) 100vw, 1024px\" \/><\/figure>\n\n\n\n<figure class=\"wp-block-image size-large\"><img loading=\"lazy\" decoding=\"async\" width=\"1024\" height=\"768\" data-id=\"2842\" src=\"https:\/\/radiojabato.es\/wp-content\/uploads\/2023\/02\/photo_2023-02-15_19-44-11-1024x768.jpg\" alt=\"\" class=\"wp-image-2842\" srcset=\"https:\/\/radiojabato.es\/wp-content\/uploads\/2023\/02\/photo_2023-02-15_19-44-11-1024x768.jpg 1024w, https:\/\/radiojabato.es\/wp-content\/uploads\/2023\/02\/photo_2023-02-15_19-44-11-300x225.jpg 300w, https:\/\/radiojabato.es\/wp-content\/uploads\/2023\/02\/photo_2023-02-15_19-44-11-768x576.jpg 768w, https:\/\/radiojabato.es\/wp-content\/uploads\/2023\/02\/photo_2023-02-15_19-44-11.jpg 1280w\" sizes=\"auto, (max-width: 1024px) 100vw, 1024px\" \/><\/figure>\n\n\n\n<figure class=\"wp-block-image size-large\"><img loading=\"lazy\" decoding=\"async\" width=\"1024\" height=\"768\" data-id=\"2843\" src=\"https:\/\/radiojabato.es\/wp-content\/uploads\/2023\/02\/photo_2023-02-15_19-44-22-1024x768.jpg\" alt=\"\" class=\"wp-image-2843\" srcset=\"https:\/\/radiojabato.es\/wp-content\/uploads\/2023\/02\/photo_2023-02-15_19-44-22-1024x768.jpg 1024w, https:\/\/radiojabato.es\/wp-content\/uploads\/2023\/02\/photo_2023-02-15_19-44-22-300x225.jpg 300w, https:\/\/radiojabato.es\/wp-content\/uploads\/2023\/02\/photo_2023-02-15_19-44-22-768x576.jpg 768w, https:\/\/radiojabato.es\/wp-content\/uploads\/2023\/02\/photo_2023-02-15_19-44-22.jpg 1280w\" sizes=\"auto, (max-width: 1024px) 100vw, 1024px\" \/><\/figure>\n\n\n\n<figure class=\"wp-block-image size-large\"><img loading=\"lazy\" decoding=\"async\" width=\"1024\" height=\"768\" data-id=\"2841\" src=\"https:\/\/radiojabato.es\/wp-content\/uploads\/2023\/02\/photo_2023-02-15_19-44-35-1024x768.jpg\" alt=\"\" class=\"wp-image-2841\" srcset=\"https:\/\/radiojabato.es\/wp-content\/uploads\/2023\/02\/photo_2023-02-15_19-44-35-1024x768.jpg 1024w, https:\/\/radiojabato.es\/wp-content\/uploads\/2023\/02\/photo_2023-02-15_19-44-35-300x225.jpg 300w, https:\/\/radiojabato.es\/wp-content\/uploads\/2023\/02\/photo_2023-02-15_19-44-35-768x576.jpg 768w, https:\/\/radiojabato.es\/wp-content\/uploads\/2023\/02\/photo_2023-02-15_19-44-35.jpg 1280w\" sizes=\"auto, (max-width: 1024px) 100vw, 1024px\" \/><\/figure>\n<\/figure>\n\n\n\n<p>Declaraciones recogidas durante la \u00faltima concentraci\u00f3n de las personas afectadas por los derribos y las rajas que no paran de aparecer ante la inacci\u00f3n de la Comunidad de Madrid y la adhesi\u00f3n de ayuntamientos de la zona en apoyo a los vecinos.<\/p>\n","protected":false},"excerpt":{"rendered":"<p>Declaraciones recogidas durante la \u00faltima concentraci\u00f3n de las personas afectadas por los derribos y las rajas que no paran de aparecer ante la inacci\u00f3n de la Comunidad de Madrid y [&hellip;]<\/p>\n","protected":false},"author":2,"featured_media":0,"comment_status":"open","ping_status":"open","sticky":false,"template":"","format":"standard","meta":{"footnotes":""},"categories":[561],"tags":[295,141,53],"class_list":["post-2840","post","type-post","status-publish","format-standard","hentry","category-a-pie-de-calle","tag-comunidad-de-madrid","tag-metro-madrid","tag-san-fernando-de-henares"],"_links":{"self":[{"href":"https:\/\/radiojabato.es\/index.php?rest_route=\/wp\/v2\/posts\/2840","targetHints":{"allow":["GET"]}}],"collection":[{"href":"https:\/\/radiojabato.es\/index.php?rest_route=\/wp\/v2\/posts"}],"about":[{"href":"https:\/\/radiojabato.es\/index.php?rest_route=\/wp\/v2\/types\/post"}],"author":[{"embeddable":true,"href":"https:\/\/radiojabato.es\/index.php?rest_route=\/wp\/v2\/users\/2"}],"replies":[{"embeddable":true,"href":"https:\/\/radiojabato.es\/index.php?rest_route=%2Fwp%2Fv2%2Fcomments&post=2840"}],"version-history":[{"count":1,"href":"https:\/\/radiojabato.es\/index.php?rest_route=\/wp\/v2\/posts\/2840\/revisions"}],"predecessor-version":[{"id":2845,"href":"https:\/\/radiojabato.es\/index.php?rest_route=\/wp\/v2\/posts\/2840\/revisions\/2845"}],"wp:attachment":[{"href":"https:\/\/radiojabato.es\/index.php?rest_route=%2Fwp%2Fv2%2Fmedia&parent=2840"}],"wp:term":[{"taxonomy":"category","embeddable":true,"href":"https:\/\/radiojabato.es\/index.php?rest_route=%2Fwp%2Fv2%2Fcategories&post=2840"},{"taxonomy":"post_tag","embeddable":true,"href":"https:\/\/radiojabato.es\/index.php?rest_route=%2Fwp%2Fv2%2Ftags&post=2840"}],"curies":[{"name":"wp","href":"https:\/\/api.w.org\/{rel}","templated":true}]}}