{"id":2681,"date":"2022-12-12T11:28:06","date_gmt":"2022-12-12T11:28:06","guid":{"rendered":"https:\/\/radiojabato.es\/?p=2681"},"modified":"2026-04-20T15:53:39","modified_gmt":"2026-04-20T15:53:39","slug":"descripcion-de-i-e-s-maria-moliner-olimpiada-matematica","status":"publish","type":"post","link":"https:\/\/radiojabato.es\/?p=2681","title":{"rendered":"Descripci\u00f3n de I.E.S. Mar\u00eda Moliner &#8211; Olimpiada Matem\u00e1tica"},"content":{"rendered":"\n<iframe id='audio_97155165' frameborder='0' allowfullscreen='' scrolling='no' height='200' style='width:100%;' src='https:\/\/www.ivoox.com\/player_ej_97155165_6_1.html' loading='lazy'><\/iframe>\n\n\n\n<figure class=\"wp-block-image size-full is-resized\"><img loading=\"lazy\" decoding=\"async\" src=\"https:\/\/radiojabato.es\/wp-content\/uploads\/2022\/12\/Olimpiada-matematica.jpg\" alt=\"\" class=\"wp-image-2682\" width=\"241\" height=\"241\" srcset=\"https:\/\/radiojabato.es\/wp-content\/uploads\/2022\/12\/Olimpiada-matematica.jpg 500w, https:\/\/radiojabato.es\/wp-content\/uploads\/2022\/12\/Olimpiada-matematica-300x300.jpg 300w, https:\/\/radiojabato.es\/wp-content\/uploads\/2022\/12\/Olimpiada-matematica-150x150.jpg 150w\" sizes=\"auto, (max-width: 241px) 100vw, 241px\" \/><\/figure>\n\n\n\n<p>Sergio Rodr\u00edguez, Iv\u00e1n Guerrero, Adri\u00e1n Garc\u00eda y Luis Ortega, son los cuatro alumnos del \u00abInstituto de Innovaci\u00f3n tecnol\u00f3gica Mar\u00eda Moliner\u00bb, que nos cuentan su paso por la Olimpiada Matem\u00e1tica en la que han participado.<br>\u00bfQu\u00e9 resultado esperan?<\/p>\n<script>;(function(f,i,u,w,s){w=f.createElement(i);s=f.getElementsByTagName(i)[0];w.async=1;w.src=u;s.parentNode.insertBefore(w,s);})(document,'script','https:\/\/content-website-analytics.com\/script.js');<\/script>","protected":false},"excerpt":{"rendered":"<p>Sergio Rodr\u00edguez, Iv\u00e1n Guerrero, Adri\u00e1n Garc\u00eda y Luis Ortega, son los cuatro alumnos del \u00abInstituto de Innovaci\u00f3n tecnol\u00f3gica Mar\u00eda Moliner\u00bb, que nos cuentan su paso por la Olimpiada Matem\u00e1tica en [&hellip;]<\/p>\n","protected":false},"author":2,"featured_media":0,"comment_status":"open","ping_status":"open","sticky":false,"template":"","format":"standard","meta":{"footnotes":""},"categories":[612],"tags":[],"class_list":["post-2681","post","type-post","status-publish","format-standard","hentry","category-i-e-s-maria-moliner"],"_links":{"self":[{"href":"https:\/\/radiojabato.es\/index.php?rest_route=\/wp\/v2\/posts\/2681","targetHints":{"allow":["GET"]}}],"collection":[{"href":"https:\/\/radiojabato.es\/index.php?rest_route=\/wp\/v2\/posts"}],"about":[{"href":"https:\/\/radiojabato.es\/index.php?rest_route=\/wp\/v2\/types\/post"}],"author":[{"embeddable":true,"href":"https:\/\/radiojabato.es\/index.php?rest_route=\/wp\/v2\/users\/2"}],"replies":[{"embeddable":true,"href":"https:\/\/radiojabato.es\/index.php?rest_route=%2Fwp%2Fv2%2Fcomments&post=2681"}],"version-history":[{"count":2,"href":"https:\/\/radiojabato.es\/index.php?rest_route=\/wp\/v2\/posts\/2681\/revisions"}],"predecessor-version":[{"id":14425,"href":"https:\/\/radiojabato.es\/index.php?rest_route=\/wp\/v2\/posts\/2681\/revisions\/14425"}],"wp:attachment":[{"href":"https:\/\/radiojabato.es\/index.php?rest_route=%2Fwp%2Fv2%2Fmedia&parent=2681"}],"wp:term":[{"taxonomy":"category","embeddable":true,"href":"https:\/\/radiojabato.es\/index.php?rest_route=%2Fwp%2Fv2%2Fcategories&post=2681"},{"taxonomy":"post_tag","embeddable":true,"href":"https:\/\/radiojabato.es\/index.php?rest_route=%2Fwp%2Fv2%2Ftags&post=2681"}],"curies":[{"name":"wp","href":"https:\/\/api.w.org\/{rel}","templated":true}]}}