{"id":2672,"date":"2022-12-08T20:21:19","date_gmt":"2022-12-08T20:21:19","guid":{"rendered":"https:\/\/radiojabato.es\/?p=2672"},"modified":"2022-12-08T20:21:20","modified_gmt":"2022-12-08T20:21:20","slug":"accion-social-asamblea-feminista-coslada-sanfer-feminismo-y-ley-trans-las-cosas-claras","status":"publish","type":"post","link":"https:\/\/radiojabato.es\/?p=2672","title":{"rendered":"Acci\u00f3n Social: \u00abAsamblea Feminista Coslada-Sanfer, Feminismo y Ley Trans, Las cosas Claras.\u00bb"},"content":{"rendered":"\n<iframe id='audio_98641626' frameborder='0' allowfullscreen='' scrolling='no' height='200' style='width:100%;' src='https:\/\/www.ivoox.com\/player_ej_98641626_6_1.html' loading='lazy'><\/iframe>\n\n\n\n<figure class=\"wp-block-image size-full is-resized\"><img loading=\"lazy\" decoding=\"async\" src=\"https:\/\/radiojabato.es\/wp-content\/uploads\/2022\/12\/logo-coslada-sanfer-1.jpg\" alt=\"\" class=\"wp-image-2674\" width=\"165\" height=\"176\" srcset=\"https:\/\/radiojabato.es\/wp-content\/uploads\/2022\/12\/logo-coslada-sanfer-1.jpg 692w, https:\/\/radiojabato.es\/wp-content\/uploads\/2022\/12\/logo-coslada-sanfer-1-282x300.jpg 282w\" sizes=\"auto, (max-width: 165px) 100vw, 165px\" \/><\/figure>\n\n\n\n<figure class=\"wp-block-image size-large is-resized\"><img loading=\"lazy\" decoding=\"async\" src=\"https:\/\/radiojabato.es\/wp-content\/uploads\/2022\/12\/acto-trans-724x1024.jpg\" alt=\"\" class=\"wp-image-2675\" width=\"178\" height=\"252\" srcset=\"https:\/\/radiojabato.es\/wp-content\/uploads\/2022\/12\/acto-trans-724x1024.jpg 724w, https:\/\/radiojabato.es\/wp-content\/uploads\/2022\/12\/acto-trans-212x300.jpg 212w, https:\/\/radiojabato.es\/wp-content\/uploads\/2022\/12\/acto-trans-768x1086.jpg 768w, https:\/\/radiojabato.es\/wp-content\/uploads\/2022\/12\/acto-trans.jpg 905w\" sizes=\"auto, (max-width: 178px) 100vw, 178px\" \/><\/figure>\n\n\n\n<figure class=\"wp-block-image size-large is-resized\"><img loading=\"lazy\" decoding=\"async\" src=\"https:\/\/radiojabato.es\/wp-content\/uploads\/2022\/12\/coslada-sanfer-1024x768.jpg\" alt=\"\" class=\"wp-image-2676\" width=\"212\" height=\"159\" srcset=\"https:\/\/radiojabato.es\/wp-content\/uploads\/2022\/12\/coslada-sanfer-1024x768.jpg 1024w, https:\/\/radiojabato.es\/wp-content\/uploads\/2022\/12\/coslada-sanfer-300x225.jpg 300w, https:\/\/radiojabato.es\/wp-content\/uploads\/2022\/12\/coslada-sanfer-768x576.jpg 768w, https:\/\/radiojabato.es\/wp-content\/uploads\/2022\/12\/coslada-sanfer.jpg 1280w\" sizes=\"auto, (max-width: 212px) 100vw, 212px\" \/><\/figure>\n\n\n\n<p>Hablamos con Elena P\u00e9rez y Juani Rojas, representantes de la \u00abAsamblea Feminista Coslada-Sanfer\u00bb las cuales est\u00e1n dentro del movimiento 8M junto con muchas otras entidades, asociaciones, etc&#8230;<br>Comentamos un poco esas dudas que desde el desconocimiento nos hace incurrir en estereotipos y pasamos a comentar la situaci\u00f3n, entre otras, de la \u00abley Trans\u00bb que se encuentra en estado de discusi\u00f3n actualmente y que est\u00e1 llevando a confusi\u00f3n a innumerables ciudadan@s. Para ello organizan un acto para acallar ese ruido y aqu\u00ed ya empiezan.<\/p>\n","protected":false},"excerpt":{"rendered":"<p>Hablamos con Elena P\u00e9rez y Juani Rojas, representantes de la \u00abAsamblea Feminista Coslada-Sanfer\u00bb las cuales est\u00e1n dentro del movimiento 8M junto con muchas otras entidades, asociaciones, etc&#8230;Comentamos un poco esas [&hellip;]<\/p>\n","protected":false},"author":2,"featured_media":0,"comment_status":"open","ping_status":"open","sticky":false,"template":"","format":"standard","meta":{"footnotes":""},"categories":[8,11],"tags":[637,57,187,636,638,639,53],"class_list":["post-2672","post","type-post","status-publish","format-standard","hentry","category-accion-social","category-entrevistas","tag-asamblea-feminista-coslada-sanfer","tag-coslada","tag-feminismo","tag-ley-trans","tag-machismo","tag-patriarcado","tag-san-fernando-de-henares"],"_links":{"self":[{"href":"https:\/\/radiojabato.es\/index.php?rest_route=\/wp\/v2\/posts\/2672","targetHints":{"allow":["GET"]}}],"collection":[{"href":"https:\/\/radiojabato.es\/index.php?rest_route=\/wp\/v2\/posts"}],"about":[{"href":"https:\/\/radiojabato.es\/index.php?rest_route=\/wp\/v2\/types\/post"}],"author":[{"embeddable":true,"href":"https:\/\/radiojabato.es\/index.php?rest_route=\/wp\/v2\/users\/2"}],"replies":[{"embeddable":true,"href":"https:\/\/radiojabato.es\/index.php?rest_route=%2Fwp%2Fv2%2Fcomments&post=2672"}],"version-history":[{"count":1,"href":"https:\/\/radiojabato.es\/index.php?rest_route=\/wp\/v2\/posts\/2672\/revisions"}],"predecessor-version":[{"id":2677,"href":"https:\/\/radiojabato.es\/index.php?rest_route=\/wp\/v2\/posts\/2672\/revisions\/2677"}],"wp:attachment":[{"href":"https:\/\/radiojabato.es\/index.php?rest_route=%2Fwp%2Fv2%2Fmedia&parent=2672"}],"wp:term":[{"taxonomy":"category","embeddable":true,"href":"https:\/\/radiojabato.es\/index.php?rest_route=%2Fwp%2Fv2%2Fcategories&post=2672"},{"taxonomy":"post_tag","embeddable":true,"href":"https:\/\/radiojabato.es\/index.php?rest_route=%2Fwp%2Fv2%2Ftags&post=2672"}],"curies":[{"name":"wp","href":"https:\/\/api.w.org\/{rel}","templated":true}]}}