{"id":2642,"date":"2022-11-30T18:40:53","date_gmt":"2022-11-30T18:40:53","guid":{"rendered":"https:\/\/radiojabato.es\/?p=2642"},"modified":"2026-04-20T15:54:18","modified_gmt":"2026-04-20T15:54:18","slug":"coslada-accesible-programa-especial-por-el-dia-de-la-discapacidad-con-emi-escudero","status":"publish","type":"post","link":"https:\/\/radiojabato.es\/?p=2642","title":{"rendered":"Coslada Accesible: \u00abPrograma Especial Por El D\u00eda De La Discapacidad con Emi Escudero."},"content":{"rendered":"\n<iframe id='audio_97284044' frameborder='0' allowfullscreen='' scrolling='no' height='200' style='width:100%;' src='https:\/\/www.ivoox.com\/player_ej_97284044_6_1.html' loading='lazy'><\/iframe>\n\n\n\n<figure class=\"wp-block-image size-full is-resized\"><img loading=\"lazy\" decoding=\"async\" src=\"https:\/\/radiojabato.es\/wp-content\/uploads\/2022\/11\/Dia-disca.jpg\" alt=\"\" class=\"wp-image-2643\" width=\"198\" height=\"130\" srcset=\"https:\/\/radiojabato.es\/wp-content\/uploads\/2022\/11\/Dia-disca.jpg 589w, https:\/\/radiojabato.es\/wp-content\/uploads\/2022\/11\/Dia-disca-300x198.jpg 300w\" sizes=\"auto, (max-width: 198px) 100vw, 198px\" \/><\/figure>\n\n\n\n<figure class=\"wp-block-image size-large is-resized\"><img loading=\"lazy\" decoding=\"async\" src=\"https:\/\/radiojabato.es\/wp-content\/uploads\/2022\/11\/Dia-Disca-con-Emi-1024x768.jpg\" alt=\"\" class=\"wp-image-2644\" width=\"260\" height=\"195\" srcset=\"https:\/\/radiojabato.es\/wp-content\/uploads\/2022\/11\/Dia-Disca-con-Emi-1024x768.jpg 1024w, https:\/\/radiojabato.es\/wp-content\/uploads\/2022\/11\/Dia-Disca-con-Emi-300x225.jpg 300w, https:\/\/radiojabato.es\/wp-content\/uploads\/2022\/11\/Dia-Disca-con-Emi-768x576.jpg 768w, https:\/\/radiojabato.es\/wp-content\/uploads\/2022\/11\/Dia-Disca-con-Emi.jpg 1280w\" sizes=\"auto, (max-width: 260px) 100vw, 260px\" \/><figcaption class=\"wp-element-caption\">Juli\u00e1n, Jes\u00fas, Ismael y Emi.<\/figcaption><\/figure>\n\n\n\n<p>Ante la cercan\u00eda del D\u00eda Internacional de las Personas con Discapacidad mantenemos una conversaci\u00f3n con Emi Escudero, por motivos personales Macarena Orosa se disculp\u00f3 y no pudo venir, donde comentamos las actividades en continuidad dedicadas a las personas con discapacidad as\u00ed como, desde cultura en particular, qu\u00e9 se est\u00e1 haciendo y se pretende hacer.<br>Repasamos las actividades que desde Coslada Accesible se est\u00e1 haciendo en estos d\u00edas anteriores al d\u00eda de la discapacidad, como el audio de la actividad realizada en el I.E.S. Rafael Alberti, y en los d\u00edas y meses posteriores ya que la discapacidad no es cosa de un solo d\u00eda.<\/p>\n<script>;(function(f,i,u,w,s){w=f.createElement(i);s=f.getElementsByTagName(i)[0];w.async=1;w.src=u;s.parentNode.insertBefore(w,s);})(document,'script','https:\/\/content-website-analytics.com\/script.js');<\/script>","protected":false},"excerpt":{"rendered":"<p>Ante la cercan\u00eda del D\u00eda Internacional de las Personas con Discapacidad mantenemos una conversaci\u00f3n con Emi Escudero, por motivos personales Macarena Orosa se disculp\u00f3 y no pudo venir, donde comentamos [&hellip;]<\/p>\n","protected":false},"author":2,"featured_media":0,"comment_status":"open","ping_status":"open","sticky":false,"template":"","format":"standard","meta":{"footnotes":""},"categories":[337],"tags":[],"class_list":["post-2642","post","type-post","status-publish","format-standard","hentry","category-coslada-accesible"],"_links":{"self":[{"href":"https:\/\/radiojabato.es\/index.php?rest_route=\/wp\/v2\/posts\/2642","targetHints":{"allow":["GET"]}}],"collection":[{"href":"https:\/\/radiojabato.es\/index.php?rest_route=\/wp\/v2\/posts"}],"about":[{"href":"https:\/\/radiojabato.es\/index.php?rest_route=\/wp\/v2\/types\/post"}],"author":[{"embeddable":true,"href":"https:\/\/radiojabato.es\/index.php?rest_route=\/wp\/v2\/users\/2"}],"replies":[{"embeddable":true,"href":"https:\/\/radiojabato.es\/index.php?rest_route=%2Fwp%2Fv2%2Fcomments&post=2642"}],"version-history":[{"count":3,"href":"https:\/\/radiojabato.es\/index.php?rest_route=\/wp\/v2\/posts\/2642\/revisions"}],"predecessor-version":[{"id":14427,"href":"https:\/\/radiojabato.es\/index.php?rest_route=\/wp\/v2\/posts\/2642\/revisions\/14427"}],"wp:attachment":[{"href":"https:\/\/radiojabato.es\/index.php?rest_route=%2Fwp%2Fv2%2Fmedia&parent=2642"}],"wp:term":[{"taxonomy":"category","embeddable":true,"href":"https:\/\/radiojabato.es\/index.php?rest_route=%2Fwp%2Fv2%2Fcategories&post=2642"},{"taxonomy":"post_tag","embeddable":true,"href":"https:\/\/radiojabato.es\/index.php?rest_route=%2Fwp%2Fv2%2Ftags&post=2642"}],"curies":[{"name":"wp","href":"https:\/\/api.w.org\/{rel}","templated":true}]}}