{"id":2621,"date":"2022-11-25T20:53:10","date_gmt":"2022-11-25T20:53:10","guid":{"rendered":"https:\/\/radiojabato.es\/?p=2621"},"modified":"2022-11-25T20:53:11","modified_gmt":"2022-11-25T20:53:11","slug":"accion-social-las-8-de-caixabank-o-como-callar-los-derechos-del-pueblo","status":"publish","type":"post","link":"https:\/\/radiojabato.es\/?p=2621","title":{"rendered":"Acci\u00f3n Social: \u00abLas 8 De Caixabank o Como Callar Los Derechos Del Pueblo.\u00bb"},"content":{"rendered":"\n<iframe id='audio_97008350' frameborder='0' allowfullscreen='' scrolling='no' height='200' style='width:100%;' src='https:\/\/www.ivoox.com\/player_ej_97008350_6_1.html' loading='lazy'><\/iframe>\n\n\n\n<figure class=\"wp-block-image size-full is-resized\"><img loading=\"lazy\" decoding=\"async\" src=\"https:\/\/radiojabato.es\/wp-content\/uploads\/2022\/11\/los-8-de-la-caixa.jpg\" alt=\"\" class=\"wp-image-2622\" width=\"156\" height=\"224\" srcset=\"https:\/\/radiojabato.es\/wp-content\/uploads\/2022\/11\/los-8-de-la-caixa.jpg 685w, https:\/\/radiojabato.es\/wp-content\/uploads\/2022\/11\/los-8-de-la-caixa-209x300.jpg 209w\" sizes=\"auto, (max-width: 156px) 100vw, 156px\" \/><\/figure>\n\n\n\n<p>Entrevistamos a Paola, Anastasia y a Sergio, tres de \u00ablas ocho de Caixabank\u00bb, las cuales protestaron ejerciendo su derecho y ahora las solicitan penas que suman 3 a\u00f1os y 2 meses de prisi\u00f3n y 3.600 euros de multa. Nos contar\u00e1n como fue y en que consisti\u00f3 su protesta PACIFICA, en una sucursal de La Caixa\u00bb en Cabanillas del Campo, de las presiones \u00abSupuestas\u00bb por parte de la Delegaci\u00f3n de Gobierno de la \u00e9poca dirigida por el Subdelegado S\u00e1nchez Seco y que se ha convertido en una extensi\u00f3n de la \u00abLey Mordaza\u00bb en la b\u00fasqueda de \u00abAmordazar\u00bb los derechos del Pueblo. TOD@S CON LAS OCHO DE CAIXABANK.<\/p>\n","protected":false},"excerpt":{"rendered":"<p>Entrevistamos a Paola, Anastasia y a Sergio, tres de \u00ablas ocho de Caixabank\u00bb, las cuales protestaron ejerciendo su derecho y ahora las solicitan penas que suman 3 a\u00f1os y 2 [&hellip;]<\/p>\n","protected":false},"author":2,"featured_media":0,"comment_status":"open","ping_status":"open","sticky":false,"template":"","format":"standard","meta":{"footnotes":""},"categories":[8,11],"tags":[312,611,579,610],"class_list":["post-2621","post","type-post","status-publish","format-standard","hentry","category-accion-social","category-entrevistas","tag-desahucios","tag-ley-mordaza","tag-pah","tag-plataforma-anti-desahucios"],"_links":{"self":[{"href":"https:\/\/radiojabato.es\/index.php?rest_route=\/wp\/v2\/posts\/2621","targetHints":{"allow":["GET"]}}],"collection":[{"href":"https:\/\/radiojabato.es\/index.php?rest_route=\/wp\/v2\/posts"}],"about":[{"href":"https:\/\/radiojabato.es\/index.php?rest_route=\/wp\/v2\/types\/post"}],"author":[{"embeddable":true,"href":"https:\/\/radiojabato.es\/index.php?rest_route=\/wp\/v2\/users\/2"}],"replies":[{"embeddable":true,"href":"https:\/\/radiojabato.es\/index.php?rest_route=%2Fwp%2Fv2%2Fcomments&post=2621"}],"version-history":[{"count":1,"href":"https:\/\/radiojabato.es\/index.php?rest_route=\/wp\/v2\/posts\/2621\/revisions"}],"predecessor-version":[{"id":2623,"href":"https:\/\/radiojabato.es\/index.php?rest_route=\/wp\/v2\/posts\/2621\/revisions\/2623"}],"wp:attachment":[{"href":"https:\/\/radiojabato.es\/index.php?rest_route=%2Fwp%2Fv2%2Fmedia&parent=2621"}],"wp:term":[{"taxonomy":"category","embeddable":true,"href":"https:\/\/radiojabato.es\/index.php?rest_route=%2Fwp%2Fv2%2Fcategories&post=2621"},{"taxonomy":"post_tag","embeddable":true,"href":"https:\/\/radiojabato.es\/index.php?rest_route=%2Fwp%2Fv2%2Ftags&post=2621"}],"curies":[{"name":"wp","href":"https:\/\/api.w.org\/{rel}","templated":true}]}}