{"id":2590,"date":"2022-11-18T12:21:42","date_gmt":"2022-11-18T12:21:42","guid":{"rendered":"https:\/\/radiojabato.es\/?p=2590"},"modified":"2022-11-18T12:21:42","modified_gmt":"2022-11-18T12:21:42","slug":"tertulia-vecinal-con-emi-escudero-concejala-de-cultura","status":"publish","type":"post","link":"https:\/\/radiojabato.es\/?p=2590","title":{"rendered":"Tertulia Vecinal: \u00abCon Emi Escudero, Concejala de Cultura.\u00bb"},"content":{"rendered":"\n<iframe id='audio_96588178' frameborder='0' allowfullscreen='' scrolling='no' height='200' style='width:100%;' src='https:\/\/www.ivoox.com\/player_ej_96588178_6_1.html' loading='lazy'><\/iframe>\n\n\n\n<figure class=\"wp-block-image size-large is-resized\"><img loading=\"lazy\" decoding=\"async\" src=\"https:\/\/radiojabato.es\/wp-content\/uploads\/2022\/11\/photo_2022-11-18_12-59-39-2-1024x768.jpg\" alt=\"\" class=\"wp-image-2591\" width=\"215\" height=\"161\" srcset=\"https:\/\/radiojabato.es\/wp-content\/uploads\/2022\/11\/photo_2022-11-18_12-59-39-2-1024x768.jpg 1024w, https:\/\/radiojabato.es\/wp-content\/uploads\/2022\/11\/photo_2022-11-18_12-59-39-2-300x225.jpg 300w, https:\/\/radiojabato.es\/wp-content\/uploads\/2022\/11\/photo_2022-11-18_12-59-39-2-768x576.jpg 768w, https:\/\/radiojabato.es\/wp-content\/uploads\/2022\/11\/photo_2022-11-18_12-59-39-2.jpg 1280w\" sizes=\"auto, (max-width: 215px) 100vw, 215px\" \/><\/figure>\n\n\n\n<figure class=\"wp-block-image size-large is-resized\"><img loading=\"lazy\" decoding=\"async\" src=\"https:\/\/radiojabato.es\/wp-content\/uploads\/2022\/11\/photo_2022-11-18_12-59-39-1024x768.jpg\" alt=\"\" class=\"wp-image-2592\" width=\"218\" height=\"164\" srcset=\"https:\/\/radiojabato.es\/wp-content\/uploads\/2022\/11\/photo_2022-11-18_12-59-39-1024x768.jpg 1024w, https:\/\/radiojabato.es\/wp-content\/uploads\/2022\/11\/photo_2022-11-18_12-59-39-300x225.jpg 300w, https:\/\/radiojabato.es\/wp-content\/uploads\/2022\/11\/photo_2022-11-18_12-59-39-768x576.jpg 768w, https:\/\/radiojabato.es\/wp-content\/uploads\/2022\/11\/photo_2022-11-18_12-59-39.jpg 1280w\" sizes=\"auto, (max-width: 218px) 100vw, 218px\" \/><\/figure>\n\n\n\n<figure class=\"wp-block-image size-large is-resized\"><img loading=\"lazy\" decoding=\"async\" src=\"https:\/\/radiojabato.es\/wp-content\/uploads\/2022\/11\/photo_2022-11-18_13-01-50-1024x768.jpg\" alt=\"\" class=\"wp-image-2593\" width=\"220\" height=\"165\" srcset=\"https:\/\/radiojabato.es\/wp-content\/uploads\/2022\/11\/photo_2022-11-18_13-01-50-1024x768.jpg 1024w, https:\/\/radiojabato.es\/wp-content\/uploads\/2022\/11\/photo_2022-11-18_13-01-50-300x225.jpg 300w, https:\/\/radiojabato.es\/wp-content\/uploads\/2022\/11\/photo_2022-11-18_13-01-50-768x576.jpg 768w, https:\/\/radiojabato.es\/wp-content\/uploads\/2022\/11\/photo_2022-11-18_13-01-50.jpg 1280w\" sizes=\"auto, (max-width: 220px) 100vw, 220px\" \/><\/figure>\n\n\n\n<p>En esta tertulia nos acompa\u00f1a Emi Escudero, concejala de cultura y festejos del Ayuntamiento de Coslada, y una representaci\u00f3n de asociaciones culturares vecinales de Coslada. Casa de Castilla La Mancha, Larumbe Danza, Levantate y Anda, La Canci\u00f3n Del Bardo, La Big Band Coslada y Entretemintiendo.<br>Charla amena y vecinal donde tod@as son escuchad@s, proyectos, reivindicaciones y sobre todo comunicaci\u00f3n.<\/p>\n","protected":false},"excerpt":{"rendered":"<p>En esta tertulia nos acompa\u00f1a Emi Escudero, concejala de cultura y festejos del Ayuntamiento de Coslada, y una representaci\u00f3n de asociaciones culturares vecinales de Coslada. Casa de Castilla La Mancha, [&hellip;]<\/p>\n","protected":false},"author":2,"featured_media":0,"comment_status":"open","ping_status":"open","sticky":false,"template":"","format":"standard","meta":{"footnotes":""},"categories":[552],"tags":[594,67,57,302,595],"class_list":["post-2590","post","type-post","status-publish","format-standard","hentry","category-tertulia-vecinal","tag-asociaciones-de-coslada","tag-ayuntamiento-de-coslada","tag-coslada","tag-cultura","tag-cultura-en-coslada"],"_links":{"self":[{"href":"https:\/\/radiojabato.es\/index.php?rest_route=\/wp\/v2\/posts\/2590","targetHints":{"allow":["GET"]}}],"collection":[{"href":"https:\/\/radiojabato.es\/index.php?rest_route=\/wp\/v2\/posts"}],"about":[{"href":"https:\/\/radiojabato.es\/index.php?rest_route=\/wp\/v2\/types\/post"}],"author":[{"embeddable":true,"href":"https:\/\/radiojabato.es\/index.php?rest_route=\/wp\/v2\/users\/2"}],"replies":[{"embeddable":true,"href":"https:\/\/radiojabato.es\/index.php?rest_route=%2Fwp%2Fv2%2Fcomments&post=2590"}],"version-history":[{"count":1,"href":"https:\/\/radiojabato.es\/index.php?rest_route=\/wp\/v2\/posts\/2590\/revisions"}],"predecessor-version":[{"id":2594,"href":"https:\/\/radiojabato.es\/index.php?rest_route=\/wp\/v2\/posts\/2590\/revisions\/2594"}],"wp:attachment":[{"href":"https:\/\/radiojabato.es\/index.php?rest_route=%2Fwp%2Fv2%2Fmedia&parent=2590"}],"wp:term":[{"taxonomy":"category","embeddable":true,"href":"https:\/\/radiojabato.es\/index.php?rest_route=%2Fwp%2Fv2%2Fcategories&post=2590"},{"taxonomy":"post_tag","embeddable":true,"href":"https:\/\/radiojabato.es\/index.php?rest_route=%2Fwp%2Fv2%2Ftags&post=2590"}],"curies":[{"name":"wp","href":"https:\/\/api.w.org\/{rel}","templated":true}]}}