{"id":2565,"date":"2022-11-10T16:24:24","date_gmt":"2022-11-10T16:24:24","guid":{"rendered":"https:\/\/radiojabato.es\/?p=2565"},"modified":"2022-11-10T16:24:26","modified_gmt":"2022-11-10T16:24:26","slug":"accion-social-nani-absolucion-amenazas-agresion-acoso-represion","status":"publish","type":"post","link":"https:\/\/radiojabato.es\/?p=2565","title":{"rendered":"Acci\u00f3n Social: \u00abNani Absoluci\u00f3n, Amenazas, Agresi\u00f3n, Acoso, Represi\u00f3n.\u00bb"},"content":{"rendered":"\n<iframe id='audio_96179274' frameborder='0' allowfullscreen='' scrolling='no' height='200' style='width:100%;' src='https:\/\/www.ivoox.com\/player_ej_96179274_6_1.html' loading='lazy'><\/iframe>\n\n\n\n<figure class=\"wp-block-image size-full is-resized\"><img loading=\"lazy\" decoding=\"async\" src=\"https:\/\/radiojabato.es\/wp-content\/uploads\/2022\/11\/nani-poli.jpg\" alt=\"\" class=\"wp-image-2566\" width=\"230\" height=\"130\" srcset=\"https:\/\/radiojabato.es\/wp-content\/uploads\/2022\/11\/nani-poli.jpg 694w, https:\/\/radiojabato.es\/wp-content\/uploads\/2022\/11\/nani-poli-300x169.jpg 300w\" sizes=\"auto, (max-width: 230px) 100vw, 230px\" \/><\/figure>\n\n\n\n<figure class=\"wp-block-image size-large is-resized\"><img loading=\"lazy\" decoding=\"async\" src=\"https:\/\/radiojabato.es\/wp-content\/uploads\/2022\/11\/photo_2022-11-10_15-08-05-1024x768.jpg\" alt=\"\" class=\"wp-image-2568\" width=\"232\" height=\"174\" srcset=\"https:\/\/radiojabato.es\/wp-content\/uploads\/2022\/11\/photo_2022-11-10_15-08-05-1024x768.jpg 1024w, https:\/\/radiojabato.es\/wp-content\/uploads\/2022\/11\/photo_2022-11-10_15-08-05-300x225.jpg 300w, https:\/\/radiojabato.es\/wp-content\/uploads\/2022\/11\/photo_2022-11-10_15-08-05-768x576.jpg 768w, https:\/\/radiojabato.es\/wp-content\/uploads\/2022\/11\/photo_2022-11-10_15-08-05.jpg 1280w\" sizes=\"auto, (max-width: 232px) 100vw, 232px\" \/><\/figure>\n\n\n\n<figure class=\"wp-block-image size-large is-resized\"><img loading=\"lazy\" decoding=\"async\" src=\"https:\/\/radiojabato.es\/wp-content\/uploads\/2022\/11\/photo_2022-11-10_15-08-32-1024x768.jpg\" alt=\"\" class=\"wp-image-2569\" width=\"234\" height=\"176\" srcset=\"https:\/\/radiojabato.es\/wp-content\/uploads\/2022\/11\/photo_2022-11-10_15-08-32-1024x768.jpg 1024w, https:\/\/radiojabato.es\/wp-content\/uploads\/2022\/11\/photo_2022-11-10_15-08-32-300x225.jpg 300w, https:\/\/radiojabato.es\/wp-content\/uploads\/2022\/11\/photo_2022-11-10_15-08-32-768x576.jpg 768w, https:\/\/radiojabato.es\/wp-content\/uploads\/2022\/11\/photo_2022-11-10_15-08-32.jpg 1280w\" sizes=\"auto, (max-width: 234px) 100vw, 234px\" \/><\/figure>\n\n\n\n<p>Entrevista a Nani y a Jes\u00fas, activistas anti desahucios que en uno de ellos, a Nani, se le acusa de agredir a un polic\u00eda parti\u00e9ndole la pierna, de casualidad en ese desahucio los polic\u00edas agredieron y amenazaron a las manifestantes, algunas, es decir, varias de m\u00e1s de 70 a\u00f1os. Desde entonces, Amenazas. Persecuci\u00f3n en lugares como la puerta del cole de su hijo, coches de polic\u00eda conduciendo peligrosamente a su lado&#8230; Un primer juicio archivado con declaraciones policiales contradictorias que, que casualidad, es revisado y con declaraciones cambiadas casi la llevan a la c\u00e1rcel, la solidaridad desde toda Espa\u00f1a lo evit\u00f3. La insolidaridad los servicios sociales y pol\u00edticos ante los desahucios y sus afectados&#8230; En definitiva una serie perfecta de \u00c1mazon, Netflix o A3 media si no censuraran&#8230; SOLO EL PUEBLO SALVA AL PUEBLO&#8230;<\/p>\n","protected":false},"excerpt":{"rendered":"<p>Entrevista a Nani y a Jes\u00fas, activistas anti desahucios que en uno de ellos, a Nani, se le acusa de agredir a un polic\u00eda parti\u00e9ndole la pierna, de casualidad en [&hellip;]<\/p>\n","protected":false},"author":2,"featured_media":0,"comment_status":"open","ping_status":"open","sticky":false,"template":"","format":"standard","meta":{"footnotes":""},"categories":[8,11],"tags":[239,583,582,580,579],"class_list":["post-2565","post","type-post","status-publish","format-standard","hentry","category-accion-social","category-entrevistas","tag-activismo","tag-agresion","tag-alcala-de-henares","tag-antidesahucios","tag-pah"],"_links":{"self":[{"href":"https:\/\/radiojabato.es\/index.php?rest_route=\/wp\/v2\/posts\/2565","targetHints":{"allow":["GET"]}}],"collection":[{"href":"https:\/\/radiojabato.es\/index.php?rest_route=\/wp\/v2\/posts"}],"about":[{"href":"https:\/\/radiojabato.es\/index.php?rest_route=\/wp\/v2\/types\/post"}],"author":[{"embeddable":true,"href":"https:\/\/radiojabato.es\/index.php?rest_route=\/wp\/v2\/users\/2"}],"replies":[{"embeddable":true,"href":"https:\/\/radiojabato.es\/index.php?rest_route=%2Fwp%2Fv2%2Fcomments&post=2565"}],"version-history":[{"count":1,"href":"https:\/\/radiojabato.es\/index.php?rest_route=\/wp\/v2\/posts\/2565\/revisions"}],"predecessor-version":[{"id":2570,"href":"https:\/\/radiojabato.es\/index.php?rest_route=\/wp\/v2\/posts\/2565\/revisions\/2570"}],"wp:attachment":[{"href":"https:\/\/radiojabato.es\/index.php?rest_route=%2Fwp%2Fv2%2Fmedia&parent=2565"}],"wp:term":[{"taxonomy":"category","embeddable":true,"href":"https:\/\/radiojabato.es\/index.php?rest_route=%2Fwp%2Fv2%2Fcategories&post=2565"},{"taxonomy":"post_tag","embeddable":true,"href":"https:\/\/radiojabato.es\/index.php?rest_route=%2Fwp%2Fv2%2Ftags&post=2565"}],"curies":[{"name":"wp","href":"https:\/\/api.w.org\/{rel}","templated":true}]}}