{"id":2560,"date":"2022-11-10T10:05:22","date_gmt":"2022-11-10T10:05:22","guid":{"rendered":"https:\/\/radiojabato.es\/?p=2560"},"modified":"2022-11-10T10:05:23","modified_gmt":"2022-11-10T10:05:23","slug":"el-quijote4-3-paco-becerra-presidente-del-pp-de-coslada","status":"publish","type":"post","link":"https:\/\/radiojabato.es\/?p=2560","title":{"rendered":"El Quijote4.3 &#8211; Paco Becerra (Presidente del PP de Coslada)"},"content":{"rendered":"\n<iframe id='audio_96156335' frameborder='0' allowfullscreen='' scrolling='no' height='200' style='width:100%;' src='https:\/\/www.ivoox.com\/player_ej_96156335_6_1.html' loading='lazy'><\/iframe>\n\n\n\n<figure class=\"wp-block-image size-full is-resized\"><img loading=\"lazy\" decoding=\"async\" src=\"https:\/\/radiojabato.es\/wp-content\/uploads\/2022\/11\/Todos-becerra.jpg\" alt=\"\" class=\"wp-image-2561\" width=\"218\" height=\"196\"\/><figcaption>Juli\u00e1n, Jes\u00fas, Paco e Ismael.<\/figcaption><\/figure>\n\n\n\n<figure class=\"wp-block-image size-large is-resized\"><img loading=\"lazy\" decoding=\"async\" src=\"https:\/\/radiojabato.es\/wp-content\/uploads\/2022\/11\/becerra-en-entrevista-1024x768.jpg\" alt=\"\" class=\"wp-image-2562\" width=\"219\" height=\"164\" srcset=\"https:\/\/radiojabato.es\/wp-content\/uploads\/2022\/11\/becerra-en-entrevista-1024x768.jpg 1024w, https:\/\/radiojabato.es\/wp-content\/uploads\/2022\/11\/becerra-en-entrevista-300x225.jpg 300w, https:\/\/radiojabato.es\/wp-content\/uploads\/2022\/11\/becerra-en-entrevista-768x576.jpg 768w, https:\/\/radiojabato.es\/wp-content\/uploads\/2022\/11\/becerra-en-entrevista.jpg 1280w\" sizes=\"auto, (max-width: 219px) 100vw, 219px\" \/><figcaption>En Acci\u00f3n.<\/figcaption><\/figure>\n\n\n\n<figure class=\"wp-block-image size-large is-resized\"><img loading=\"lazy\" decoding=\"async\" src=\"https:\/\/radiojabato.es\/wp-content\/uploads\/2022\/11\/Becerra-diploma-1024x768.jpg\" alt=\"\" class=\"wp-image-2563\" width=\"224\" height=\"168\" srcset=\"https:\/\/radiojabato.es\/wp-content\/uploads\/2022\/11\/Becerra-diploma-1024x768.jpg 1024w, https:\/\/radiojabato.es\/wp-content\/uploads\/2022\/11\/Becerra-diploma-300x225.jpg 300w, https:\/\/radiojabato.es\/wp-content\/uploads\/2022\/11\/Becerra-diploma-768x576.jpg 768w, https:\/\/radiojabato.es\/wp-content\/uploads\/2022\/11\/Becerra-diploma.jpg 1280w\" sizes=\"auto, (max-width: 224px) 100vw, 224px\" \/><figcaption>Diploma por haber salido vivo del test Quijotesco.<\/figcaption><\/figure>\n\n\n\n<p>Entrevista combativa a Paco Becerra, intent\u00e1ndolo desde el lado humano, a\u00fan siendo conscientes de que el pol\u00edtico surgir\u00e1, ya que es el candidato por el Partido Popular de Coslada a la pr\u00f3ximas elecciones municipales, el 28 de mayo de 2023. Fue tensa, en algunos momentos en que se toc\u00f3 temas como \u00abla sanidad\u00bb. \u00a1\u00a1\u00a1No os la perd\u00e1is!!!<br>Por Jes\u00fas Lagos (Director del programa El Quijote4.3), Juli\u00e1n Fuentes (Director del programa Acci\u00f3n Social) e Ismael (Director del programa radiof\u00f3nico de Coslada Accesible y Secretario de la Asociaci\u00f3n.)<\/p>\n","protected":false},"excerpt":{"rendered":"<p>Entrevista combativa a Paco Becerra, intent\u00e1ndolo desde el lado humano, a\u00fan siendo conscientes de que el pol\u00edtico surgir\u00e1, ya que es el candidato por el Partido Popular de Coslada a [&hellip;]<\/p>\n","protected":false},"author":2,"featured_media":0,"comment_status":"open","ping_status":"open","sticky":false,"template":"","format":"standard","meta":{"footnotes":""},"categories":[5],"tags":[57,578,115,577],"class_list":["post-2560","post","type-post","status-publish","format-standard","hentry","category-elquijote4-3","tag-coslada","tag-elecciones-municipales","tag-partido-popular","tag-pp-coslada"],"_links":{"self":[{"href":"https:\/\/radiojabato.es\/index.php?rest_route=\/wp\/v2\/posts\/2560","targetHints":{"allow":["GET"]}}],"collection":[{"href":"https:\/\/radiojabato.es\/index.php?rest_route=\/wp\/v2\/posts"}],"about":[{"href":"https:\/\/radiojabato.es\/index.php?rest_route=\/wp\/v2\/types\/post"}],"author":[{"embeddable":true,"href":"https:\/\/radiojabato.es\/index.php?rest_route=\/wp\/v2\/users\/2"}],"replies":[{"embeddable":true,"href":"https:\/\/radiojabato.es\/index.php?rest_route=%2Fwp%2Fv2%2Fcomments&post=2560"}],"version-history":[{"count":1,"href":"https:\/\/radiojabato.es\/index.php?rest_route=\/wp\/v2\/posts\/2560\/revisions"}],"predecessor-version":[{"id":2564,"href":"https:\/\/radiojabato.es\/index.php?rest_route=\/wp\/v2\/posts\/2560\/revisions\/2564"}],"wp:attachment":[{"href":"https:\/\/radiojabato.es\/index.php?rest_route=%2Fwp%2Fv2%2Fmedia&parent=2560"}],"wp:term":[{"taxonomy":"category","embeddable":true,"href":"https:\/\/radiojabato.es\/index.php?rest_route=%2Fwp%2Fv2%2Fcategories&post=2560"},{"taxonomy":"post_tag","embeddable":true,"href":"https:\/\/radiojabato.es\/index.php?rest_route=%2Fwp%2Fv2%2Ftags&post=2560"}],"curies":[{"name":"wp","href":"https:\/\/api.w.org\/{rel}","templated":true}]}}