{"id":2517,"date":"2022-10-25T17:10:55","date_gmt":"2022-10-25T17:10:55","guid":{"rendered":"https:\/\/radiojabato.es\/?p=2517"},"modified":"2022-10-25T17:10:55","modified_gmt":"2022-10-25T17:10:55","slug":"elquijote4-3-acoso-laboral","status":"publish","type":"post","link":"https:\/\/radiojabato.es\/?p=2517","title":{"rendered":"ElQuijote4.3 &#8211; Acoso Laboral"},"content":{"rendered":"\n<p><\/p>\n\n\n\n<iframe id='audio_94739906' frameborder='0' allowfullscreen='' scrolling='no' height='200' style='width:100%;' src='https:\/\/www.ivoox.com\/player_ej_94739906_6_1.html' loading='lazy'><\/iframe>\n\n\n\n<figure class=\"wp-block-image size-full is-resized\"><img loading=\"lazy\" decoding=\"async\" src=\"https:\/\/radiojabato.es\/wp-content\/uploads\/2022\/10\/47313e2cba3818cf2d45eecca8d9f285682ff9ec.png\" alt=\"\" class=\"wp-image-2518\" width=\"145\" height=\"145\" srcset=\"https:\/\/radiojabato.es\/wp-content\/uploads\/2022\/10\/47313e2cba3818cf2d45eecca8d9f285682ff9ec.png 160w, https:\/\/radiojabato.es\/wp-content\/uploads\/2022\/10\/47313e2cba3818cf2d45eecca8d9f285682ff9ec-150x150.png 150w\" sizes=\"auto, (max-width: 145px) 100vw, 145px\" \/><\/figure>\n\n\n\n<figure class=\"wp-block-image size-large is-resized\"><img loading=\"lazy\" decoding=\"async\" src=\"https:\/\/radiojabato.es\/wp-content\/uploads\/2022\/10\/acoso-2-1024x768.jpg\" alt=\"\" class=\"wp-image-2519\" width=\"163\" height=\"122\" srcset=\"https:\/\/radiojabato.es\/wp-content\/uploads\/2022\/10\/acoso-2-1024x768.jpg 1024w, https:\/\/radiojabato.es\/wp-content\/uploads\/2022\/10\/acoso-2-300x225.jpg 300w, https:\/\/radiojabato.es\/wp-content\/uploads\/2022\/10\/acoso-2-768x576.jpg 768w, https:\/\/radiojabato.es\/wp-content\/uploads\/2022\/10\/acoso-2.jpg 1280w\" sizes=\"auto, (max-width: 163px) 100vw, 163px\" \/><\/figure>\n\n\n\n<figure class=\"wp-block-image size-large is-resized\"><img loading=\"lazy\" decoding=\"async\" src=\"https:\/\/radiojabato.es\/wp-content\/uploads\/2022\/10\/acoso-1-1024x768.jpg\" alt=\"\" class=\"wp-image-2520\" width=\"167\" height=\"125\" srcset=\"https:\/\/radiojabato.es\/wp-content\/uploads\/2022\/10\/acoso-1-1024x768.jpg 1024w, https:\/\/radiojabato.es\/wp-content\/uploads\/2022\/10\/acoso-1-300x225.jpg 300w, https:\/\/radiojabato.es\/wp-content\/uploads\/2022\/10\/acoso-1-768x576.jpg 768w, https:\/\/radiojabato.es\/wp-content\/uploads\/2022\/10\/acoso-1.jpg 1280w\" sizes=\"auto, (max-width: 167px) 100vw, 167px\" \/><\/figure>\n\n\n\n<p>Jes\u00fas Lagos y Juli\u00e1n Fuentes hablan con Laura Quiun, Presidenta de la \u00abAsociaci\u00f3n Espa\u00f1ola de Coaching Preventivo para Afrontar el Acoso Laboral\u00bb. El \u00abacoso\u00bb es un t\u00e9rmino que conlleva muchas connotaciones diferentes (por el g\u00e9nero, por la posici\u00f3n, etc.), y si es en un entorno laboral recoge a\u00fan m\u00e1s matices dif\u00edciles de gestionar, por ambas partes (trabajador y empresa). \u00bfQu\u00e9 se entiende por acoso laboral? \u00bfC\u00f3mo se puede ayudar a una persona que sufre acoso labora? \u00bfQu\u00e9 papel juegan empresas y sindicatos en este tipo de conflictos? Son muchas la interrogantes que en esta entrevista suscitan el debate y la controversia.<\/p>\n","protected":false},"excerpt":{"rendered":"<p>Jes\u00fas Lagos y Juli\u00e1n Fuentes hablan con Laura Quiun, Presidenta de la \u00abAsociaci\u00f3n Espa\u00f1ola de Coaching Preventivo para Afrontar el Acoso Laboral\u00bb. El \u00abacoso\u00bb es un t\u00e9rmino que conlleva muchas [&hellip;]<\/p>\n","protected":false},"author":2,"featured_media":0,"comment_status":"open","ping_status":"open","sticky":false,"template":"","format":"standard","meta":{"footnotes":""},"categories":[5],"tags":[545,546,547],"class_list":["post-2517","post","type-post","status-publish","format-standard","hentry","category-elquijote4-3","tag-acoso-laboral","tag-empresa","tag-sindicatos"],"_links":{"self":[{"href":"https:\/\/radiojabato.es\/index.php?rest_route=\/wp\/v2\/posts\/2517","targetHints":{"allow":["GET"]}}],"collection":[{"href":"https:\/\/radiojabato.es\/index.php?rest_route=\/wp\/v2\/posts"}],"about":[{"href":"https:\/\/radiojabato.es\/index.php?rest_route=\/wp\/v2\/types\/post"}],"author":[{"embeddable":true,"href":"https:\/\/radiojabato.es\/index.php?rest_route=\/wp\/v2\/users\/2"}],"replies":[{"embeddable":true,"href":"https:\/\/radiojabato.es\/index.php?rest_route=%2Fwp%2Fv2%2Fcomments&post=2517"}],"version-history":[{"count":1,"href":"https:\/\/radiojabato.es\/index.php?rest_route=\/wp\/v2\/posts\/2517\/revisions"}],"predecessor-version":[{"id":2521,"href":"https:\/\/radiojabato.es\/index.php?rest_route=\/wp\/v2\/posts\/2517\/revisions\/2521"}],"wp:attachment":[{"href":"https:\/\/radiojabato.es\/index.php?rest_route=%2Fwp%2Fv2%2Fmedia&parent=2517"}],"wp:term":[{"taxonomy":"category","embeddable":true,"href":"https:\/\/radiojabato.es\/index.php?rest_route=%2Fwp%2Fv2%2Fcategories&post=2517"},{"taxonomy":"post_tag","embeddable":true,"href":"https:\/\/radiojabato.es\/index.php?rest_route=%2Fwp%2Fv2%2Ftags&post=2517"}],"curies":[{"name":"wp","href":"https:\/\/api.w.org\/{rel}","templated":true}]}}