{"id":2504,"date":"2022-10-21T19:05:46","date_gmt":"2022-10-21T19:05:46","guid":{"rendered":"https:\/\/radiojabato.es\/?p=2504"},"modified":"2022-10-21T19:05:47","modified_gmt":"2022-10-21T19:05:47","slug":"el-quijote4-3-asoc-de-celiacos-de-coslada-y-san-fernando-de-henares","status":"publish","type":"post","link":"https:\/\/radiojabato.es\/?p=2504","title":{"rendered":"El Quijote4.3: \u00abAsoc. de Celiacos de Coslada y San Fernando de Henares.\u00bb"},"content":{"rendered":"\n<iframe id='audio_94430257' frameborder='0' allowfullscreen='' scrolling='no' height='200' style='width:100%;' src='https:\/\/www.ivoox.com\/player_ej_94430257_6_1.html' loading='lazy'><\/iframe>\n\n\n\n<figure class=\"wp-block-image size-full is-resized\"><img loading=\"lazy\" decoding=\"async\" src=\"https:\/\/radiojabato.es\/wp-content\/uploads\/2022\/10\/logo-sin-gluten.jpg\" alt=\"\" class=\"wp-image-2505\" width=\"170\" height=\"170\" srcset=\"https:\/\/radiojabato.es\/wp-content\/uploads\/2022\/10\/logo-sin-gluten.jpg 370w, https:\/\/radiojabato.es\/wp-content\/uploads\/2022\/10\/logo-sin-gluten-300x300.jpg 300w, https:\/\/radiojabato.es\/wp-content\/uploads\/2022\/10\/logo-sin-gluten-150x150.jpg 150w\" sizes=\"auto, (max-width: 170px) 100vw, 170px\" \/><\/figure>\n\n\n\n<figure class=\"wp-block-image size-large is-resized\"><img loading=\"lazy\" decoding=\"async\" src=\"https:\/\/radiojabato.es\/wp-content\/uploads\/2022\/10\/sin-gluten-radio-1024x768.jpg\" alt=\"\" class=\"wp-image-2506\" width=\"182\" height=\"137\" srcset=\"https:\/\/radiojabato.es\/wp-content\/uploads\/2022\/10\/sin-gluten-radio-1024x768.jpg 1024w, https:\/\/radiojabato.es\/wp-content\/uploads\/2022\/10\/sin-gluten-radio-300x225.jpg 300w, https:\/\/radiojabato.es\/wp-content\/uploads\/2022\/10\/sin-gluten-radio-768x576.jpg 768w, https:\/\/radiojabato.es\/wp-content\/uploads\/2022\/10\/sin-gluten-radio.jpg 1280w\" sizes=\"auto, (max-width: 182px) 100vw, 182px\" \/><\/figure>\n\n\n\n<p>Jes\u00fas Lagos y Juli\u00e1n Fuentes, hablan con Pilar e Inma, de la \u00abAsociaci\u00f3n de Celiacos de Coslada y San Fernando de Henares\u00bb. Ponen en valor las dificultades que se encuentra una persona celiaca, en su d\u00eda a d\u00eda. Sus dificultades hasta ser diagnosticada por la sanidad p\u00fablica, o a la hora de comprar alimentos. \u00bfQu\u00e9 es el gluten? \u00bfPor qu\u00e9 no sale una ley para proteger los derechos de las personas diagnosticadas con \u00abceliaqu\u00eda\u00bb? Hay muchas interrogantes en el aire&#8230;<\/p>\n","protected":false},"excerpt":{"rendered":"<p>Jes\u00fas Lagos y Juli\u00e1n Fuentes, hablan con Pilar e Inma, de la \u00abAsociaci\u00f3n de Celiacos de Coslada y San Fernando de Henares\u00bb. Ponen en valor las dificultades que se encuentra [&hellip;]<\/p>\n","protected":false},"author":2,"featured_media":0,"comment_status":"open","ping_status":"open","sticky":false,"template":"","format":"standard","meta":{"footnotes":""},"categories":[5],"tags":[539,57,540,538,307,53],"class_list":["post-2504","post","type-post","status-publish","format-standard","hentry","category-elquijote4-3","tag-celiacos","tag-coslada","tag-coslada-y-sanfer-sin-gluten","tag-gluten","tag-salud","tag-san-fernando-de-henares"],"_links":{"self":[{"href":"https:\/\/radiojabato.es\/index.php?rest_route=\/wp\/v2\/posts\/2504","targetHints":{"allow":["GET"]}}],"collection":[{"href":"https:\/\/radiojabato.es\/index.php?rest_route=\/wp\/v2\/posts"}],"about":[{"href":"https:\/\/radiojabato.es\/index.php?rest_route=\/wp\/v2\/types\/post"}],"author":[{"embeddable":true,"href":"https:\/\/radiojabato.es\/index.php?rest_route=\/wp\/v2\/users\/2"}],"replies":[{"embeddable":true,"href":"https:\/\/radiojabato.es\/index.php?rest_route=%2Fwp%2Fv2%2Fcomments&post=2504"}],"version-history":[{"count":1,"href":"https:\/\/radiojabato.es\/index.php?rest_route=\/wp\/v2\/posts\/2504\/revisions"}],"predecessor-version":[{"id":2507,"href":"https:\/\/radiojabato.es\/index.php?rest_route=\/wp\/v2\/posts\/2504\/revisions\/2507"}],"wp:attachment":[{"href":"https:\/\/radiojabato.es\/index.php?rest_route=%2Fwp%2Fv2%2Fmedia&parent=2504"}],"wp:term":[{"taxonomy":"category","embeddable":true,"href":"https:\/\/radiojabato.es\/index.php?rest_route=%2Fwp%2Fv2%2Fcategories&post=2504"},{"taxonomy":"post_tag","embeddable":true,"href":"https:\/\/radiojabato.es\/index.php?rest_route=%2Fwp%2Fv2%2Ftags&post=2504"}],"curies":[{"name":"wp","href":"https:\/\/api.w.org\/{rel}","templated":true}]}}