{"id":2497,"date":"2022-10-19T09:45:36","date_gmt":"2022-10-19T09:45:36","guid":{"rendered":"https:\/\/radiojabato.es\/?p=2497"},"modified":"2022-10-19T09:45:38","modified_gmt":"2022-10-19T09:45:38","slug":"accion-social-manifiesto-contra-el-franquismo-en-las-fuerzas-armadas-y-la-guardia-civil","status":"publish","type":"post","link":"https:\/\/radiojabato.es\/?p=2497","title":{"rendered":"Acci\u00f3n Social: \u00abManifiesto Contra El Franquismo En Las Fuerzas Armadas y La Guardia Civil.\u00bb"},"content":{"rendered":"\n<iframe id='audio_94306873' frameborder='0' allowfullscreen='' scrolling='no' height='200' style='width:100%;' src='https:\/\/www.ivoox.com\/player_ej_94306873_6_1.html' loading='lazy'><\/iframe>\n\n\n\n<figure class=\"wp-block-image size-full is-resized\"><img loading=\"lazy\" decoding=\"async\" src=\"https:\/\/radiojabato.es\/wp-content\/uploads\/2022\/10\/MilitaresAntifranquistas-Logo-1024x546-1.png\" alt=\"\" class=\"wp-image-2498\" width=\"568\" height=\"302\" srcset=\"https:\/\/radiojabato.es\/wp-content\/uploads\/2022\/10\/MilitaresAntifranquistas-Logo-1024x546-1.png 1024w, https:\/\/radiojabato.es\/wp-content\/uploads\/2022\/10\/MilitaresAntifranquistas-Logo-1024x546-1-300x160.png 300w, https:\/\/radiojabato.es\/wp-content\/uploads\/2022\/10\/MilitaresAntifranquistas-Logo-1024x546-1-768x410.png 768w\" sizes=\"auto, (max-width: 568px) 100vw, 568px\" \/><\/figure>\n\n\n\n<p>Programa esclarecedor donde el Coronel Enrique, Coronel retirado del ejercito de tierra, nos cuenta que es el \u00abManifiesto contra el Franquismo en la Fuerzas Armadas y la Guardia Civil\u00bb, que se persigue con el, como se ha atacado a los firmantes y como tienen que estar, los y las militares y guardias que est\u00e1n de acuerdo, en la sombra para no ser sancionados como pas\u00f3 con el Cabo Santos. En el Ejercito y la Guardia Civil, aunque cueste creerlo, hay dem\u00f3cratas, a esos, todo nuestro apoyo.<\/p>\n","protected":false},"excerpt":{"rendered":"<p>Programa esclarecedor donde el Coronel Enrique, Coronel retirado del ejercito de tierra, nos cuenta que es el \u00abManifiesto contra el Franquismo en la Fuerzas Armadas y la Guardia Civil\u00bb, que [&hellip;]<\/p>\n","protected":false},"author":2,"featured_media":0,"comment_status":"open","ping_status":"open","sticky":false,"template":"","format":"standard","meta":{"footnotes":""},"categories":[8,11],"tags":[396,531,528,530,529],"class_list":["post-2497","post","type-post","status-publish","format-standard","hentry","category-accion-social","category-entrevistas","tag-ejercito","tag-ejercito-espanol","tag-guardia-civil","tag-manifiesto-contra-el-franquismo","tag-memoria-militar-democratica"],"_links":{"self":[{"href":"https:\/\/radiojabato.es\/index.php?rest_route=\/wp\/v2\/posts\/2497","targetHints":{"allow":["GET"]}}],"collection":[{"href":"https:\/\/radiojabato.es\/index.php?rest_route=\/wp\/v2\/posts"}],"about":[{"href":"https:\/\/radiojabato.es\/index.php?rest_route=\/wp\/v2\/types\/post"}],"author":[{"embeddable":true,"href":"https:\/\/radiojabato.es\/index.php?rest_route=\/wp\/v2\/users\/2"}],"replies":[{"embeddable":true,"href":"https:\/\/radiojabato.es\/index.php?rest_route=%2Fwp%2Fv2%2Fcomments&post=2497"}],"version-history":[{"count":1,"href":"https:\/\/radiojabato.es\/index.php?rest_route=\/wp\/v2\/posts\/2497\/revisions"}],"predecessor-version":[{"id":2499,"href":"https:\/\/radiojabato.es\/index.php?rest_route=\/wp\/v2\/posts\/2497\/revisions\/2499"}],"wp:attachment":[{"href":"https:\/\/radiojabato.es\/index.php?rest_route=%2Fwp%2Fv2%2Fmedia&parent=2497"}],"wp:term":[{"taxonomy":"category","embeddable":true,"href":"https:\/\/radiojabato.es\/index.php?rest_route=%2Fwp%2Fv2%2Fcategories&post=2497"},{"taxonomy":"post_tag","embeddable":true,"href":"https:\/\/radiojabato.es\/index.php?rest_route=%2Fwp%2Fv2%2Ftags&post=2497"}],"curies":[{"name":"wp","href":"https:\/\/api.w.org\/{rel}","templated":true}]}}