{"id":2487,"date":"2022-10-18T18:56:36","date_gmt":"2022-10-18T18:56:36","guid":{"rendered":"https:\/\/radiojabato.es\/?p=2487"},"modified":"2022-10-18T18:56:37","modified_gmt":"2022-10-18T18:56:37","slug":"accion-social-plataforma-afectados-por-el-metro-linea-7b-destroza-nuestra-pt-vida","status":"publish","type":"post","link":"https:\/\/radiojabato.es\/?p=2487","title":{"rendered":"Acci\u00f3n Social: \u00abPlataforma Afectados Por El Metro. L\u00ednea 7B destroza nuestra P*T* VIDA\u00bb"},"content":{"rendered":"\n<iframe id='audio_94238947' frameborder='0' allowfullscreen='' scrolling='no' height='200' style='width:100%;' src='https:\/\/www.ivoox.com\/player_ej_94238947_6_1.html' loading='lazy'><\/iframe>\n\n\n\n<figure class=\"wp-block-image size-full is-resized\"><img loading=\"lazy\" decoding=\"async\" src=\"https:\/\/radiojabato.es\/wp-content\/uploads\/2022\/10\/metro-linea-7b.jpg\" alt=\"\" class=\"wp-image-2488\" width=\"127\" height=\"77\" srcset=\"https:\/\/radiojabato.es\/wp-content\/uploads\/2022\/10\/metro-linea-7b.jpg 331w, https:\/\/radiojabato.es\/wp-content\/uploads\/2022\/10\/metro-linea-7b-300x182.jpg 300w\" sizes=\"auto, (max-width: 127px) 100vw, 127px\" \/><\/figure>\n\n\n\n<figure class=\"wp-block-image size-full is-resized\"><img loading=\"lazy\" decoding=\"async\" src=\"https:\/\/radiojabato.es\/wp-content\/uploads\/2022\/10\/photo_2022-10-18_20-52-34.jpg\" alt=\"\" class=\"wp-image-2489\" width=\"147\" height=\"136\" srcset=\"https:\/\/radiojabato.es\/wp-content\/uploads\/2022\/10\/photo_2022-10-18_20-52-34.jpg 320w, https:\/\/radiojabato.es\/wp-content\/uploads\/2022\/10\/photo_2022-10-18_20-52-34-300x278.jpg 300w\" sizes=\"auto, (max-width: 147px) 100vw, 147px\" \/><\/figure>\n\n\n\n<figure class=\"wp-block-image size-full is-resized\"><img loading=\"lazy\" decoding=\"async\" src=\"https:\/\/radiojabato.es\/wp-content\/uploads\/2022\/10\/photo_2022-10-18_20-52-42.jpg\" alt=\"\" class=\"wp-image-2490\" width=\"199\" height=\"139\" srcset=\"https:\/\/radiojabato.es\/wp-content\/uploads\/2022\/10\/photo_2022-10-18_20-52-42.jpg 699w, https:\/\/radiojabato.es\/wp-content\/uploads\/2022\/10\/photo_2022-10-18_20-52-42-300x210.jpg 300w\" sizes=\"auto, (max-width: 199px) 100vw, 199px\" \/><\/figure>\n\n\n\n<figure class=\"wp-block-image size-full is-resized\"><img loading=\"lazy\" decoding=\"async\" src=\"https:\/\/radiojabato.es\/wp-content\/uploads\/2022\/10\/photo_2022-10-18_20-52-49.jpg\" alt=\"\" class=\"wp-image-2491\" width=\"197\" height=\"106\" srcset=\"https:\/\/radiojabato.es\/wp-content\/uploads\/2022\/10\/photo_2022-10-18_20-52-49.jpg 700w, https:\/\/radiojabato.es\/wp-content\/uploads\/2022\/10\/photo_2022-10-18_20-52-49-300x162.jpg 300w\" sizes=\"auto, (max-width: 197px) 100vw, 197px\" \/><\/figure>\n\n\n\n<p>Entrevistamos a Alejandro Escribano, portavoz de la Plataforma de Afectados Por el Metro y desalojado, y a Luis Milena, miembro de la plataforma y afectado a\u00fan sin desalojar. Hablamos sin tapujos de lo que est\u00e1 pasando en San Fernando de Henares y que podr\u00eda pasar en Coslada. Casas derribadas, vidas destrozadas, Vidas Rotas por la dejadez de la Comunidad de Madrid y el lavarse las manos, por votos se destrozan a d\u00eda de hoy y en aumento 87 familias en la p*t* calle con una mano delante y otra detr\u00e1s y con ya 411 viviendas afectadas con un futuro muy similar. Solo El Pueblo Salva Al Pueblo y los Sanfernandinos no van a parar de luchar. Aunque Ayuso les haga un Parque.<\/p>\n","protected":false},"excerpt":{"rendered":"<p>Entrevistamos a Alejandro Escribano, portavoz de la Plataforma de Afectados Por el Metro y desalojado, y a Luis Milena, miembro de la plataforma y afectado a\u00fan sin desalojar. Hablamos sin [&hellip;]<\/p>\n","protected":false},"author":2,"featured_media":0,"comment_status":"open","ping_status":"open","sticky":false,"template":"","format":"standard","meta":{"footnotes":""},"categories":[8,11],"tags":[524,295,527,526,53],"class_list":["post-2487","post","type-post","status-publish","format-standard","hentry","category-accion-social","category-entrevistas","tag-afectados-por-el-metro","tag-comunidad-de-madrid","tag-derribos","tag-metro-de-madrid","tag-san-fernando-de-henares"],"_links":{"self":[{"href":"https:\/\/radiojabato.es\/index.php?rest_route=\/wp\/v2\/posts\/2487","targetHints":{"allow":["GET"]}}],"collection":[{"href":"https:\/\/radiojabato.es\/index.php?rest_route=\/wp\/v2\/posts"}],"about":[{"href":"https:\/\/radiojabato.es\/index.php?rest_route=\/wp\/v2\/types\/post"}],"author":[{"embeddable":true,"href":"https:\/\/radiojabato.es\/index.php?rest_route=\/wp\/v2\/users\/2"}],"replies":[{"embeddable":true,"href":"https:\/\/radiojabato.es\/index.php?rest_route=%2Fwp%2Fv2%2Fcomments&post=2487"}],"version-history":[{"count":1,"href":"https:\/\/radiojabato.es\/index.php?rest_route=\/wp\/v2\/posts\/2487\/revisions"}],"predecessor-version":[{"id":2492,"href":"https:\/\/radiojabato.es\/index.php?rest_route=\/wp\/v2\/posts\/2487\/revisions\/2492"}],"wp:attachment":[{"href":"https:\/\/radiojabato.es\/index.php?rest_route=%2Fwp%2Fv2%2Fmedia&parent=2487"}],"wp:term":[{"taxonomy":"category","embeddable":true,"href":"https:\/\/radiojabato.es\/index.php?rest_route=%2Fwp%2Fv2%2Fcategories&post=2487"},{"taxonomy":"post_tag","embeddable":true,"href":"https:\/\/radiojabato.es\/index.php?rest_route=%2Fwp%2Fv2%2Ftags&post=2487"}],"curies":[{"name":"wp","href":"https:\/\/api.w.org\/{rel}","templated":true}]}}