{"id":2457,"date":"2022-10-04T19:13:24","date_gmt":"2022-10-04T19:13:24","guid":{"rendered":"https:\/\/radiojabato.es\/?p=2457"},"modified":"2022-10-04T19:13:26","modified_gmt":"2022-10-04T19:13:26","slug":"entre-el-espacio-tiempo-vampiros-leyendas-de-los-no-muertos","status":"publish","type":"post","link":"https:\/\/radiojabato.es\/?p=2457","title":{"rendered":"<br>Entre El Espacio Tiempo: \u00abVampiros, Leyendas De Los No Muertos\u00bb"},"content":{"rendered":"\n<iframe id='audio_93369247' frameborder='0' allowfullscreen='' scrolling='no' height='200' style='width:100%;' src='https:\/\/www.ivoox.com\/player_ej_93369247_6_1.html' loading='lazy'><\/iframe>\n\n\n\n<figure class=\"wp-block-image size-full\"><img loading=\"lazy\" decoding=\"async\" width=\"220\" height=\"388\" src=\"https:\/\/radiojabato.es\/wp-content\/uploads\/2022\/10\/220px-Vernunftige_und_Christliche_Gedancken_uber_die_Vampirs_-_001.jpg\" alt=\"\" class=\"wp-image-2458\" srcset=\"https:\/\/radiojabato.es\/wp-content\/uploads\/2022\/10\/220px-Vernunftige_und_Christliche_Gedancken_uber_die_Vampirs_-_001.jpg 220w, https:\/\/radiojabato.es\/wp-content\/uploads\/2022\/10\/220px-Vernunftige_und_Christliche_Gedancken_uber_die_Vampirs_-_001-170x300.jpg 170w\" sizes=\"auto, (max-width: 220px) 100vw, 220px\" \/><\/figure>\n\n\n\n<p>Hablamos con Esther N\u00fa\u00f1ez sobre los vampiros y su leyenda, criatura que se alimenta de la esencia vital de otros seres vivos (usualmente bajo la forma de sangre) para as\u00ed mantenerse activo. En algunas culturas orientales y americanas abor\u00edgenes, esta superstici\u00f3n es una deidad demon\u00edaca o un dios menor que forma parte del pante\u00f3n siniestro en sus mitolog\u00edas. En la cultura europea y occidental, as\u00ed como en la cultura global contempor\u00e1nea, el prototipo de vampiro m\u00e1s popular es el de origen eslavo, es decir, el de un ser humano convertido despu\u00e9s de morir en un cad\u00e1ver activo o retornado depredador chupador de sangre.<\/p>\n","protected":false},"excerpt":{"rendered":"<p>Hablamos con Esther N\u00fa\u00f1ez sobre los vampiros y su leyenda, criatura que se alimenta de la esencia vital de otros seres vivos (usualmente bajo la forma de sangre) para as\u00ed [&hellip;]<\/p>\n","protected":false},"author":2,"featured_media":0,"comment_status":"open","ping_status":"open","sticky":false,"template":"","format":"standard","meta":{"footnotes":""},"categories":[90],"tags":[274,111,106,510,272,125,13,511],"class_list":["post-2457","post","type-post","status-publish","format-standard","hentry","category-entre-el-espacio-tiempo","tag-desconocido","tag-enigmas","tag-entre-el-espacio-tiempo","tag-leyendas","tag-manises","tag-misterios","tag-terror","tag-vampiros"],"_links":{"self":[{"href":"https:\/\/radiojabato.es\/index.php?rest_route=\/wp\/v2\/posts\/2457","targetHints":{"allow":["GET"]}}],"collection":[{"href":"https:\/\/radiojabato.es\/index.php?rest_route=\/wp\/v2\/posts"}],"about":[{"href":"https:\/\/radiojabato.es\/index.php?rest_route=\/wp\/v2\/types\/post"}],"author":[{"embeddable":true,"href":"https:\/\/radiojabato.es\/index.php?rest_route=\/wp\/v2\/users\/2"}],"replies":[{"embeddable":true,"href":"https:\/\/radiojabato.es\/index.php?rest_route=%2Fwp%2Fv2%2Fcomments&post=2457"}],"version-history":[{"count":1,"href":"https:\/\/radiojabato.es\/index.php?rest_route=\/wp\/v2\/posts\/2457\/revisions"}],"predecessor-version":[{"id":2459,"href":"https:\/\/radiojabato.es\/index.php?rest_route=\/wp\/v2\/posts\/2457\/revisions\/2459"}],"wp:attachment":[{"href":"https:\/\/radiojabato.es\/index.php?rest_route=%2Fwp%2Fv2%2Fmedia&parent=2457"}],"wp:term":[{"taxonomy":"category","embeddable":true,"href":"https:\/\/radiojabato.es\/index.php?rest_route=%2Fwp%2Fv2%2Fcategories&post=2457"},{"taxonomy":"post_tag","embeddable":true,"href":"https:\/\/radiojabato.es\/index.php?rest_route=%2Fwp%2Fv2%2Ftags&post=2457"}],"curies":[{"name":"wp","href":"https:\/\/api.w.org\/{rel}","templated":true}]}}