{"id":2430,"date":"2022-09-22T19:20:18","date_gmt":"2022-09-22T19:20:18","guid":{"rendered":"https:\/\/radiojabato.es\/?p=2430"},"modified":"2022-09-22T19:20:19","modified_gmt":"2022-09-22T19:20:19","slug":"colectivo-puente-madera-rojo-peligroso-ezequiel-san-jose-in-memoriam","status":"publish","type":"post","link":"https:\/\/radiojabato.es\/?p=2430","title":{"rendered":"Colectivo Puente Madera: \u00abRojo Peligroso, Ezequiel San Jos\u00e9, In Memoriam\u00bb"},"content":{"rendered":"\n<iframe id='audio_92783144' frameborder='0' allowfullscreen='' scrolling='no' height='200' style='width:100%;' src='https:\/\/www.ivoox.com\/player_ej_92783144_6_1.html' loading='lazy'><\/iframe>\n\n\n\n<figure class=\"wp-block-image size-large is-resized\"><img loading=\"lazy\" decoding=\"async\" src=\"https:\/\/radiojabato.es\/wp-content\/uploads\/2022\/09\/photo_2022-09-22_12-01-40-1002x1024.jpg\" alt=\"\" class=\"wp-image-2431\" width=\"156\" height=\"159\" srcset=\"https:\/\/radiojabato.es\/wp-content\/uploads\/2022\/09\/photo_2022-09-22_12-01-40-1002x1024.jpg 1002w, https:\/\/radiojabato.es\/wp-content\/uploads\/2022\/09\/photo_2022-09-22_12-01-40-293x300.jpg 293w, https:\/\/radiojabato.es\/wp-content\/uploads\/2022\/09\/photo_2022-09-22_12-01-40-768x785.jpg 768w, https:\/\/radiojabato.es\/wp-content\/uploads\/2022\/09\/photo_2022-09-22_12-01-40.jpg 1252w\" sizes=\"auto, (max-width: 156px) 100vw, 156px\" \/><figcaption>Ezequiel San Jos\u00e9.<\/figcaption><\/figure>\n\n\n\n<p>El pasado lunes 19 de septiembre, mientras en Londres se celebraba con todo tipo de pompa y circunstancia el hiperb\u00f3lico funeral de Isabel II, en un lugar de La Mancha mor\u00eda humildemente, calladamente, con casi 101 a\u00f1os, el gran Ezequiel San Jos\u00e9.<br>En estos tiempos l\u00edquidos en que nada es lo que parece, en los que todo se camufla tras neolenguajes que terminan diluyendo las identidades y confundi\u00e9ndolo todo en beneficio de los de siempre, referentes como Ezequiel se hacen m\u00e1s necesarios que nunca.<br>Descansa en paz, querido amigo. Tu recuerdo nos acompa\u00f1a y nos ayudar\u00e1 siempre.<\/p>\n","protected":false},"excerpt":{"rendered":"<p>El pasado lunes 19 de septiembre, mientras en Londres se celebraba con todo tipo de pompa y circunstancia el hiperb\u00f3lico funeral de Isabel II, en un lugar de La Mancha [&hellip;]<\/p>\n","protected":false},"author":2,"featured_media":0,"comment_status":"open","ping_status":"open","sticky":false,"template":"","format":"standard","meta":{"footnotes":""},"categories":[96],"tags":[99,390,97,490,492],"class_list":["post-2430","post","type-post","status-publish","format-standard","hentry","category-colectivo-puente-madera","tag-albacete","tag-castilla-la-mancha","tag-colectivo-puente-madera","tag-ezequiel-san-jose","tag-peligroso"],"_links":{"self":[{"href":"https:\/\/radiojabato.es\/index.php?rest_route=\/wp\/v2\/posts\/2430","targetHints":{"allow":["GET"]}}],"collection":[{"href":"https:\/\/radiojabato.es\/index.php?rest_route=\/wp\/v2\/posts"}],"about":[{"href":"https:\/\/radiojabato.es\/index.php?rest_route=\/wp\/v2\/types\/post"}],"author":[{"embeddable":true,"href":"https:\/\/radiojabato.es\/index.php?rest_route=\/wp\/v2\/users\/2"}],"replies":[{"embeddable":true,"href":"https:\/\/radiojabato.es\/index.php?rest_route=%2Fwp%2Fv2%2Fcomments&post=2430"}],"version-history":[{"count":1,"href":"https:\/\/radiojabato.es\/index.php?rest_route=\/wp\/v2\/posts\/2430\/revisions"}],"predecessor-version":[{"id":2432,"href":"https:\/\/radiojabato.es\/index.php?rest_route=\/wp\/v2\/posts\/2430\/revisions\/2432"}],"wp:attachment":[{"href":"https:\/\/radiojabato.es\/index.php?rest_route=%2Fwp%2Fv2%2Fmedia&parent=2430"}],"wp:term":[{"taxonomy":"category","embeddable":true,"href":"https:\/\/radiojabato.es\/index.php?rest_route=%2Fwp%2Fv2%2Fcategories&post=2430"},{"taxonomy":"post_tag","embeddable":true,"href":"https:\/\/radiojabato.es\/index.php?rest_route=%2Fwp%2Fv2%2Ftags&post=2430"}],"curies":[{"name":"wp","href":"https:\/\/api.w.org\/{rel}","templated":true}]}}