{"id":2255,"date":"2022-07-22T13:00:18","date_gmt":"2022-07-22T13:00:18","guid":{"rendered":"https:\/\/radiojabato.es\/?p=2255"},"modified":"2024-02-25T13:24:24","modified_gmt":"2024-02-25T13:24:24","slug":"coslada-accesible-informacion-entrevista-jose-sousa-concejal-de-urbanismo-vas-y-obras-y-xerock-diversidad-rockera","status":"publish","type":"post","link":"https:\/\/radiojabato.es\/?p=2255","title":{"rendered":"Coslada Accesible: \u00abInformaci\u00f3n, Entrevista Jos\u00e9 Sousa Concejal de Urbanismo Vas y Obras y Xerock Diversidad rockera.\u00bb"},"content":{"rendered":"\n<iframe id='audio_90129787' frameborder='0' allowfullscreen='' scrolling='no' height='200' style='width:100%;' src='https:\/\/www.ivoox.com\/player_ej_90129787_6_1.html' loading='lazy'><\/iframe>\n\n\n\n<figure class=\"wp-block-image size-large is-resized\"><img loading=\"lazy\" decoding=\"async\" src=\"https:\/\/radiojabato.es\/wp-content\/uploads\/2022\/07\/photo_2022-07-22_14-52-26-1024x768.jpg\" alt=\"\" class=\"wp-image-2256\" width=\"327\" height=\"245\" srcset=\"https:\/\/radiojabato.es\/wp-content\/uploads\/2022\/07\/photo_2022-07-22_14-52-26-1024x768.jpg 1024w, https:\/\/radiojabato.es\/wp-content\/uploads\/2022\/07\/photo_2022-07-22_14-52-26-300x225.jpg 300w, https:\/\/radiojabato.es\/wp-content\/uploads\/2022\/07\/photo_2022-07-22_14-52-26-768x576.jpg 768w, https:\/\/radiojabato.es\/wp-content\/uploads\/2022\/07\/photo_2022-07-22_14-52-26.jpg 1280w\" sizes=\"auto, (max-width: 327px) 100vw, 327px\" \/><\/figure>\n\n\n\n<figure class=\"wp-block-image size-large is-resized\"><img loading=\"lazy\" decoding=\"async\" src=\"https:\/\/radiojabato.es\/wp-content\/uploads\/2022\/07\/DSC01736-1024x682.jpg\" alt=\"\" class=\"wp-image-2257\" width=\"325\" height=\"217\" srcset=\"https:\/\/radiojabato.es\/wp-content\/uploads\/2022\/07\/DSC01736-1024x682.jpg 1024w, https:\/\/radiojabato.es\/wp-content\/uploads\/2022\/07\/DSC01736-300x200.jpg 300w, https:\/\/radiojabato.es\/wp-content\/uploads\/2022\/07\/DSC01736-768x511.jpg 768w, https:\/\/radiojabato.es\/wp-content\/uploads\/2022\/07\/DSC01736-1536x1022.jpg 1536w, https:\/\/radiojabato.es\/wp-content\/uploads\/2022\/07\/DSC01736.jpg 1600w\" sizes=\"auto, (max-width: 325px) 100vw, 325px\" \/><\/figure>\n\n\n\n<p>En este segundo programa repasamos las noticias, informaciones y actividades de Coslada Accesible en la b\u00fasqueda de la Accesibilidad total en Coslada, pasamos a entrevistar al Concejal de Urbanismo, V\u00edas y Obras de Coslada terminando desde Galicia, en el Baixo Mi\u00f1o, entrevistando a \u00abXerock\u00bb grupo de rock con componentes con diversidad que tiene detr\u00e1s un proyecto y trabajo de inclusi\u00f3n y desarrollo.<\/p>\n","protected":false},"excerpt":{"rendered":"<p>En este segundo programa repasamos las noticias, informaciones y actividades de Coslada Accesible en la b\u00fasqueda de la Accesibilidad total en Coslada, pasamos a entrevistar al Concejal de Urbanismo, V\u00edas [&hellip;]<\/p>\n","protected":false},"author":2,"featured_media":0,"comment_status":"open","ping_status":"open","sticky":false,"template":"","format":"standard","meta":{"footnotes":""},"categories":[337],"tags":[379,57,332,84,378],"class_list":["post-2255","post","type-post","status-publish","format-standard","hentry","category-coslada-accesible","tag-baixo-mino","tag-coslada","tag-discapacidad","tag-diversidad","tag-galicia"],"_links":{"self":[{"href":"https:\/\/radiojabato.es\/index.php?rest_route=\/wp\/v2\/posts\/2255","targetHints":{"allow":["GET"]}}],"collection":[{"href":"https:\/\/radiojabato.es\/index.php?rest_route=\/wp\/v2\/posts"}],"about":[{"href":"https:\/\/radiojabato.es\/index.php?rest_route=\/wp\/v2\/types\/post"}],"author":[{"embeddable":true,"href":"https:\/\/radiojabato.es\/index.php?rest_route=\/wp\/v2\/users\/2"}],"replies":[{"embeddable":true,"href":"https:\/\/radiojabato.es\/index.php?rest_route=%2Fwp%2Fv2%2Fcomments&post=2255"}],"version-history":[{"count":1,"href":"https:\/\/radiojabato.es\/index.php?rest_route=\/wp\/v2\/posts\/2255\/revisions"}],"predecessor-version":[{"id":2258,"href":"https:\/\/radiojabato.es\/index.php?rest_route=\/wp\/v2\/posts\/2255\/revisions\/2258"}],"wp:attachment":[{"href":"https:\/\/radiojabato.es\/index.php?rest_route=%2Fwp%2Fv2%2Fmedia&parent=2255"}],"wp:term":[{"taxonomy":"category","embeddable":true,"href":"https:\/\/radiojabato.es\/index.php?rest_route=%2Fwp%2Fv2%2Fcategories&post=2255"},{"taxonomy":"post_tag","embeddable":true,"href":"https:\/\/radiojabato.es\/index.php?rest_route=%2Fwp%2Fv2%2Ftags&post=2255"}],"curies":[{"name":"wp","href":"https:\/\/api.w.org\/{rel}","templated":true}]}}