{"id":1944,"date":"2022-04-04T11:24:36","date_gmt":"2022-04-04T11:24:36","guid":{"rendered":"https:\/\/radiojabato.es\/?p=1944"},"modified":"2022-04-04T11:26:16","modified_gmt":"2022-04-04T11:26:16","slug":"cosas-de-los-nadie-miguel-hernandez-humano-poeta-padre-contado-por-lucia-izquierdo-su-nuera","status":"publish","type":"post","link":"https:\/\/radiojabato.es\/?p=1944","title":{"rendered":"Cosas De Los Nadie: \u00abMigu\u00e9l Hern\u00e1ndez, Humano, Poeta, Padre. Contado Por Luc\u00eda Izquierdo, Su Nuera.\u00bb"},"content":{"rendered":"\n<iframe id=\"audio_85096778\" frameborder=\"0\" allowfullscreen=\"\" scrolling=\"no\" height=\"200\" style=\"width:100%;\" src=\"https:\/\/www.ivoox.com\/player_ej_85096778_6_1.html\" loading=\"lazy\"><\/iframe>\n\n\n\n<figure class=\"wp-block-image size-full is-resized\"><img loading=\"lazy\" decoding=\"async\" src=\"https:\/\/radiojabato.es\/wp-content\/uploads\/2022\/04\/1490633888_941712_1490639292_album_normal.jpg\" alt=\"\" class=\"wp-image-1946\" width=\"309\" height=\"207\" srcset=\"https:\/\/radiojabato.es\/wp-content\/uploads\/2022\/04\/1490633888_941712_1490639292_album_normal.jpg 980w, https:\/\/radiojabato.es\/wp-content\/uploads\/2022\/04\/1490633888_941712_1490639292_album_normal-300x201.jpg 300w, https:\/\/radiojabato.es\/wp-content\/uploads\/2022\/04\/1490633888_941712_1490639292_album_normal-768x514.jpg 768w\" sizes=\"auto, (max-width: 309px) 100vw, 309px\" \/><figcaption>Migu\u00e9l Hern\u00e1ndez y Josefina Manresa.<\/figcaption><\/figure>\n\n\n\n<figure class=\"wp-block-image size-full is-resized\"><img loading=\"lazy\" decoding=\"async\" src=\"https:\/\/radiojabato.es\/wp-content\/uploads\/2022\/04\/1297960278_0.jpg\" alt=\"\" class=\"wp-image-1948\" width=\"310\" height=\"206\" srcset=\"https:\/\/radiojabato.es\/wp-content\/uploads\/2022\/04\/1297960278_0.jpg 470w, https:\/\/radiojabato.es\/wp-content\/uploads\/2022\/04\/1297960278_0-300x200.jpg 300w\" sizes=\"auto, (max-width: 310px) 100vw, 310px\" \/><figcaption>Luc\u00eda Izquierdo.<\/figcaption><\/figure>\n\n\n\n<figure class=\"wp-block-image size-large is-resized\"><img loading=\"lazy\" decoding=\"async\" src=\"https:\/\/radiojabato.es\/wp-content\/uploads\/2022\/04\/DIWZT3CX3ECVFLRLIUX46NXMW4-685x1024.jpg\" alt=\"\" class=\"wp-image-1949\" width=\"172\" height=\"257\" srcset=\"https:\/\/radiojabato.es\/wp-content\/uploads\/2022\/04\/DIWZT3CX3ECVFLRLIUX46NXMW4-685x1024.jpg 685w, https:\/\/radiojabato.es\/wp-content\/uploads\/2022\/04\/DIWZT3CX3ECVFLRLIUX46NXMW4-201x300.jpg 201w, https:\/\/radiojabato.es\/wp-content\/uploads\/2022\/04\/DIWZT3CX3ECVFLRLIUX46NXMW4-768x1147.jpg 768w, https:\/\/radiojabato.es\/wp-content\/uploads\/2022\/04\/DIWZT3CX3ECVFLRLIUX46NXMW4-1028x1536.jpg 1028w, https:\/\/radiojabato.es\/wp-content\/uploads\/2022\/04\/DIWZT3CX3ECVFLRLIUX46NXMW4-1371x2048.jpg 1371w, https:\/\/radiojabato.es\/wp-content\/uploads\/2022\/04\/DIWZT3CX3ECVFLRLIUX46NXMW4-scaled.jpg 1714w\" sizes=\"auto, (max-width: 172px) 100vw, 172px\" \/><figcaption>Luc\u00eda Izquierdo muestra el Carn\u00e9t que identificaba como Periodista a Migu\u00e9l Hern\u00e1ndez.<\/figcaption><\/figure>\n\n\n\n<p>Segundo programa dedicado al \u00abPoeta del Pueblo\u00bb Migu\u00e9l Hern\u00e1ndez donde entrevistamos a su nuera, \u00abLuc\u00eda Izquierdo\u00bb, la cual nos acerca al lado m\u00e1s humano de Migu\u00e9l, en especial, con los ojos de su viuda \u00abJosefina Manresa\u00bb con las anecdotas y caracter que \u00e9l ten\u00eda. Padre, poeta, genio que quer\u00eda dedicarse a los guiones cinematogr\u00e1ficos y teatro tras la guerra y que fue matado poco a poco. \u00abSi Miguel supiera en lo que nos estamos convirtiendo la gente del pueblo, no s\u00e9 si se habr\u00eda sacrificado como lo hizo\u00bb comenta Luc\u00eda.<br>Lehan querido borrar de la historia y aun lo intentan. \u00a1\u00a1\u00a1NO LES DEJAREMOS!!!<\/p>\n","protected":false},"excerpt":{"rendered":"<p>Segundo programa dedicado al \u00abPoeta del Pueblo\u00bb Migu\u00e9l Hern\u00e1ndez donde entrevistamos a su nuera, \u00abLuc\u00eda Izquierdo\u00bb, la cual nos acerca al lado m\u00e1s humano de Migu\u00e9l, en especial, con los [&hellip;]<\/p>\n","protected":false},"author":2,"featured_media":0,"comment_status":"open","ping_status":"open","sticky":false,"template":"","format":"standard","meta":{"footnotes":""},"categories":[37,11],"tags":[],"class_list":["post-1944","post","type-post","status-publish","format-standard","hentry","category-cosas-de-los-nadie","category-entrevistas"],"_links":{"self":[{"href":"https:\/\/radiojabato.es\/index.php?rest_route=\/wp\/v2\/posts\/1944","targetHints":{"allow":["GET"]}}],"collection":[{"href":"https:\/\/radiojabato.es\/index.php?rest_route=\/wp\/v2\/posts"}],"about":[{"href":"https:\/\/radiojabato.es\/index.php?rest_route=\/wp\/v2\/types\/post"}],"author":[{"embeddable":true,"href":"https:\/\/radiojabato.es\/index.php?rest_route=\/wp\/v2\/users\/2"}],"replies":[{"embeddable":true,"href":"https:\/\/radiojabato.es\/index.php?rest_route=%2Fwp%2Fv2%2Fcomments&post=1944"}],"version-history":[{"count":3,"href":"https:\/\/radiojabato.es\/index.php?rest_route=\/wp\/v2\/posts\/1944\/revisions"}],"predecessor-version":[{"id":1952,"href":"https:\/\/radiojabato.es\/index.php?rest_route=\/wp\/v2\/posts\/1944\/revisions\/1952"}],"wp:attachment":[{"href":"https:\/\/radiojabato.es\/index.php?rest_route=%2Fwp%2Fv2%2Fmedia&parent=1944"}],"wp:term":[{"taxonomy":"category","embeddable":true,"href":"https:\/\/radiojabato.es\/index.php?rest_route=%2Fwp%2Fv2%2Fcategories&post=1944"},{"taxonomy":"post_tag","embeddable":true,"href":"https:\/\/radiojabato.es\/index.php?rest_route=%2Fwp%2Fv2%2Ftags&post=1944"}],"curies":[{"name":"wp","href":"https:\/\/api.w.org\/{rel}","templated":true}]}}