{"id":1922,"date":"2022-03-30T11:54:41","date_gmt":"2022-03-30T11:54:41","guid":{"rendered":"https:\/\/radiojabato.es\/?p=1922"},"modified":"2022-03-30T11:54:41","modified_gmt":"2022-03-30T11:54:41","slug":"cosas-de-los-nadie-miguel-hernandez-el-poeta-del-pueblo-primera-parte","status":"publish","type":"post","link":"https:\/\/radiojabato.es\/?p=1922","title":{"rendered":"Cosas De Los Nadie: \u00abMiguel Hernandez, El Poeta Del Pueblo (Primera Parte)\u00bb"},"content":{"rendered":"\n<iframe id='audio_84880965' frameborder='0' allowfullscreen='' scrolling='no' height='200' style='width:100%;' src='https:\/\/www.ivoox.com\/player_ej_84880965_6_1.html' loading='lazy'><\/iframe>\n\n\n\n<figure class=\"wp-block-image size-full\"><img loading=\"lazy\" decoding=\"async\" width=\"680\" height=\"358\" src=\"https:\/\/radiojabato.es\/wp-content\/uploads\/2022\/03\/Miguel-Hern.jpg\" alt=\"\" class=\"wp-image-1923\" srcset=\"https:\/\/radiojabato.es\/wp-content\/uploads\/2022\/03\/Miguel-Hern.jpg 680w, https:\/\/radiojabato.es\/wp-content\/uploads\/2022\/03\/Miguel-Hern-300x158.jpg 300w\" sizes=\"auto, (max-width: 680px) 100vw, 680px\" \/><\/figure>\n\n\n\n<p>En el 80 aniversario de la muerte, o lento asesinato y ejecuci\u00f3n m\u00e1s bien, de Migu\u00e9l Hernandez, este es el primero de tres programas que en \u00abCosas de Los Nadie\u00bb se dedicar\u00e1n a su figura, en este primer programa repasamos alguna de sus poes\u00edas y hechos de su vida, \u00abPoeta del Pueblo\u00bb odiado por la derecha que borra sus versos de los monumentos y estaciones de tren.<\/p>\n","protected":false},"excerpt":{"rendered":"<p>En el 80 aniversario de la muerte, o lento asesinato y ejecuci\u00f3n m\u00e1s bien, de Migu\u00e9l Hernandez, este es el primero de tres programas que en \u00abCosas de Los Nadie\u00bb [&hellip;]<\/p>\n","protected":false},"author":2,"featured_media":0,"comment_status":"open","ping_status":"open","sticky":false,"template":"","format":"standard","meta":{"footnotes":""},"categories":[37],"tags":[221,220,63],"class_list":["post-1922","post","type-post","status-publish","format-standard","hentry","category-cosas-de-los-nadie","tag-golpe-de-estado-franquista","tag-guerra-civil","tag-poesia"],"_links":{"self":[{"href":"https:\/\/radiojabato.es\/index.php?rest_route=\/wp\/v2\/posts\/1922","targetHints":{"allow":["GET"]}}],"collection":[{"href":"https:\/\/radiojabato.es\/index.php?rest_route=\/wp\/v2\/posts"}],"about":[{"href":"https:\/\/radiojabato.es\/index.php?rest_route=\/wp\/v2\/types\/post"}],"author":[{"embeddable":true,"href":"https:\/\/radiojabato.es\/index.php?rest_route=\/wp\/v2\/users\/2"}],"replies":[{"embeddable":true,"href":"https:\/\/radiojabato.es\/index.php?rest_route=%2Fwp%2Fv2%2Fcomments&post=1922"}],"version-history":[{"count":1,"href":"https:\/\/radiojabato.es\/index.php?rest_route=\/wp\/v2\/posts\/1922\/revisions"}],"predecessor-version":[{"id":1924,"href":"https:\/\/radiojabato.es\/index.php?rest_route=\/wp\/v2\/posts\/1922\/revisions\/1924"}],"wp:attachment":[{"href":"https:\/\/radiojabato.es\/index.php?rest_route=%2Fwp%2Fv2%2Fmedia&parent=1922"}],"wp:term":[{"taxonomy":"category","embeddable":true,"href":"https:\/\/radiojabato.es\/index.php?rest_route=%2Fwp%2Fv2%2Fcategories&post=1922"},{"taxonomy":"post_tag","embeddable":true,"href":"https:\/\/radiojabato.es\/index.php?rest_route=%2Fwp%2Fv2%2Ftags&post=1922"}],"curies":[{"name":"wp","href":"https:\/\/api.w.org\/{rel}","templated":true}]}}