{"id":1903,"date":"2022-03-23T11:32:56","date_gmt":"2022-03-23T11:32:56","guid":{"rendered":"https:\/\/radiojabato.es\/?p=1903"},"modified":"2022-03-23T11:32:56","modified_gmt":"2022-03-23T11:32:56","slug":"ni-panfletos-ni-panfletas-programa-piloto-de-debate-discusion-y-aprendizaje","status":"publish","type":"post","link":"https:\/\/radiojabato.es\/?p=1903","title":{"rendered":"Ni Panfletos Ni Panfletas: \u00abPrograma Piloto de Debate, Discusi\u00f3n y Aprendizaje\u00bb"},"content":{"rendered":"\n<iframe id='audio_83915783' frameborder='0' allowfullscreen='' scrolling='no' height='200' style='width:100%;' src='https:\/\/www.ivoox.com\/player_ej_83915783_6_1.html' loading='lazy'><\/iframe>\n\n\n\n<figure class=\"wp-block-image size-full is-resized\"><img loading=\"lazy\" decoding=\"async\" src=\"https:\/\/radiojabato.es\/wp-content\/uploads\/2022\/03\/depositphotos_211021484-stock-illustration-symbol-of-feminism-with-a.webp\" alt=\"\" class=\"wp-image-1904\" width=\"149\" height=\"149\" srcset=\"https:\/\/radiojabato.es\/wp-content\/uploads\/2022\/03\/depositphotos_211021484-stock-illustration-symbol-of-feminism-with-a.webp 600w, https:\/\/radiojabato.es\/wp-content\/uploads\/2022\/03\/depositphotos_211021484-stock-illustration-symbol-of-feminism-with-a-300x300.webp 300w, https:\/\/radiojabato.es\/wp-content\/uploads\/2022\/03\/depositphotos_211021484-stock-illustration-symbol-of-feminism-with-a-150x150.webp 150w\" sizes=\"auto, (max-width: 149px) 100vw, 149px\" \/><\/figure>\n\n\n\n<figure class=\"wp-block-image size-large is-resized\"><img loading=\"lazy\" decoding=\"async\" src=\"https:\/\/radiojabato.es\/wp-content\/uploads\/2022\/03\/photo_2022-03-23_11-40-04-1024x768.jpg\" alt=\"\" class=\"wp-image-1905\" width=\"160\" height=\"120\" srcset=\"https:\/\/radiojabato.es\/wp-content\/uploads\/2022\/03\/photo_2022-03-23_11-40-04-1024x768.jpg 1024w, https:\/\/radiojabato.es\/wp-content\/uploads\/2022\/03\/photo_2022-03-23_11-40-04-300x225.jpg 300w, https:\/\/radiojabato.es\/wp-content\/uploads\/2022\/03\/photo_2022-03-23_11-40-04-768x576.jpg 768w, https:\/\/radiojabato.es\/wp-content\/uploads\/2022\/03\/photo_2022-03-23_11-40-04.jpg 1280w\" sizes=\"auto, (max-width: 160px) 100vw, 160px\" \/><\/figure>\n\n\n\n<figure class=\"wp-block-image size-large is-resized\"><img loading=\"lazy\" decoding=\"async\" src=\"https:\/\/radiojabato.es\/wp-content\/uploads\/2022\/03\/photo_2022-03-23_11-39-30-1024x768.jpg\" alt=\"\" class=\"wp-image-1906\" width=\"162\" height=\"122\" srcset=\"https:\/\/radiojabato.es\/wp-content\/uploads\/2022\/03\/photo_2022-03-23_11-39-30-1024x768.jpg 1024w, https:\/\/radiojabato.es\/wp-content\/uploads\/2022\/03\/photo_2022-03-23_11-39-30-300x225.jpg 300w, https:\/\/radiojabato.es\/wp-content\/uploads\/2022\/03\/photo_2022-03-23_11-39-30-768x576.jpg 768w, https:\/\/radiojabato.es\/wp-content\/uploads\/2022\/03\/photo_2022-03-23_11-39-30.jpg 1280w\" sizes=\"auto, (max-width: 162px) 100vw, 162px\" \/><\/figure>\n\n\n\n<p>Primer programa de Jaquelin Roncero donde debate, discute, ense\u00f1a, comenta&#8230; Y un largo etc&#8230; Donde habla y responde a preguntas sobre la \u00abnormalidad social\u00bb dando un repaso al pasado 8M y a los movimientos Feministas intervenidos ya por el fascismo, sus corrientes, la inclusividad \u00abTrans\u00bb en ellos, la \u00abgenitalidad\u00bb, explotaci\u00f3n sexual y prostituci\u00f3n de la inmigraci\u00f3n y mucho m\u00e1s que, sobre todo nos ense\u00f1a.<\/p>\n","protected":false},"excerpt":{"rendered":"<p>Primer programa de Jaquelin Roncero donde debate, discute, ense\u00f1a, comenta&#8230; Y un largo etc&#8230; Donde habla y responde a preguntas sobre la \u00abnormalidad social\u00bb dando un repaso al pasado 8M [&hellip;]<\/p>\n","protected":false},"author":2,"featured_media":0,"comment_status":"open","ping_status":"open","sticky":false,"template":"","format":"standard","meta":{"footnotes":""},"categories":[208],"tags":[210,211,187,209],"class_list":["post-1903","post","type-post","status-publish","format-standard","hentry","category-ni-panfletos-ni-panfletas","tag-debate","tag-discusion","tag-feminismo","tag-psicologia"],"_links":{"self":[{"href":"https:\/\/radiojabato.es\/index.php?rest_route=\/wp\/v2\/posts\/1903","targetHints":{"allow":["GET"]}}],"collection":[{"href":"https:\/\/radiojabato.es\/index.php?rest_route=\/wp\/v2\/posts"}],"about":[{"href":"https:\/\/radiojabato.es\/index.php?rest_route=\/wp\/v2\/types\/post"}],"author":[{"embeddable":true,"href":"https:\/\/radiojabato.es\/index.php?rest_route=\/wp\/v2\/users\/2"}],"replies":[{"embeddable":true,"href":"https:\/\/radiojabato.es\/index.php?rest_route=%2Fwp%2Fv2%2Fcomments&post=1903"}],"version-history":[{"count":1,"href":"https:\/\/radiojabato.es\/index.php?rest_route=\/wp\/v2\/posts\/1903\/revisions"}],"predecessor-version":[{"id":1907,"href":"https:\/\/radiojabato.es\/index.php?rest_route=\/wp\/v2\/posts\/1903\/revisions\/1907"}],"wp:attachment":[{"href":"https:\/\/radiojabato.es\/index.php?rest_route=%2Fwp%2Fv2%2Fmedia&parent=1903"}],"wp:term":[{"taxonomy":"category","embeddable":true,"href":"https:\/\/radiojabato.es\/index.php?rest_route=%2Fwp%2Fv2%2Fcategories&post=1903"},{"taxonomy":"post_tag","embeddable":true,"href":"https:\/\/radiojabato.es\/index.php?rest_route=%2Fwp%2Fv2%2Ftags&post=1903"}],"curies":[{"name":"wp","href":"https:\/\/api.w.org\/{rel}","templated":true}]}}