{"id":1647,"date":"2021-12-17T20:48:43","date_gmt":"2021-12-17T20:48:43","guid":{"rendered":"https:\/\/radiojabato.es\/?p=1647"},"modified":"2021-12-17T20:48:43","modified_gmt":"2021-12-17T20:48:43","slug":"quijote-blues-javier-calle-cantautor-el-solista-acompanado","status":"publish","type":"post","link":"https:\/\/radiojabato.es\/?p=1647","title":{"rendered":"Quijote Blues: \u00abJavier Calle (cantautor); el solista acompa\u00f1ado\u00bb."},"content":{"rendered":"\n<iframe id='audio_79753953' frameborder='0' allowfullscreen='' scrolling='no' height='200' style='width:100%;' src='https:\/\/www.ivoox.com\/player_ej_79753953_6_1.html'><\/iframe>\n\n\n\n<figure class=\"wp-block-image size-large is-resized\"><img loading=\"lazy\" decoding=\"async\" src=\"https:\/\/radiojabato.es\/wp-content\/uploads\/2021\/12\/la-calle-2-1024x768.jpg\" alt=\"\" class=\"wp-image-1649\" width=\"184\" height=\"138\" srcset=\"https:\/\/radiojabato.es\/wp-content\/uploads\/2021\/12\/la-calle-2-1024x768.jpg 1024w, https:\/\/radiojabato.es\/wp-content\/uploads\/2021\/12\/la-calle-2-300x225.jpg 300w, https:\/\/radiojabato.es\/wp-content\/uploads\/2021\/12\/la-calle-2-768x576.jpg 768w, https:\/\/radiojabato.es\/wp-content\/uploads\/2021\/12\/la-calle-2.jpg 1280w\" sizes=\"auto, (max-width: 184px) 100vw, 184px\" \/><\/figure>\n\n\n\n<figure class=\"wp-block-image size-large is-resized\"><img loading=\"lazy\" decoding=\"async\" src=\"https:\/\/radiojabato.es\/wp-content\/uploads\/2021\/12\/jesus-1024x768.jpg\" alt=\"\" class=\"wp-image-1650\" width=\"184\" height=\"138\" srcset=\"https:\/\/radiojabato.es\/wp-content\/uploads\/2021\/12\/jesus-1024x768.jpg 1024w, https:\/\/radiojabato.es\/wp-content\/uploads\/2021\/12\/jesus-300x225.jpg 300w, https:\/\/radiojabato.es\/wp-content\/uploads\/2021\/12\/jesus-768x576.jpg 768w, https:\/\/radiojabato.es\/wp-content\/uploads\/2021\/12\/jesus.jpg 1280w\" sizes=\"auto, (max-width: 184px) 100vw, 184px\" \/><\/figure>\n\n\n\n<figure class=\"wp-block-image size-large is-resized\"><img loading=\"lazy\" decoding=\"async\" src=\"https:\/\/radiojabato.es\/wp-content\/uploads\/2021\/12\/jesus3-1024x768.jpg\" alt=\"\" class=\"wp-image-1651\" width=\"186\" height=\"140\" srcset=\"https:\/\/radiojabato.es\/wp-content\/uploads\/2021\/12\/jesus3-1024x768.jpg 1024w, https:\/\/radiojabato.es\/wp-content\/uploads\/2021\/12\/jesus3-300x225.jpg 300w, https:\/\/radiojabato.es\/wp-content\/uploads\/2021\/12\/jesus3-768x576.jpg 768w, https:\/\/radiojabato.es\/wp-content\/uploads\/2021\/12\/jesus3.jpg 1280w\" sizes=\"auto, (max-width: 186px) 100vw, 186px\" \/><\/figure>\n\n\n\n<figure class=\"wp-block-image size-full is-resized\"><img loading=\"lazy\" decoding=\"async\" src=\"https:\/\/radiojabato.es\/wp-content\/uploads\/2021\/12\/jesus-en-fibro-1.jpg\" alt=\"\" class=\"wp-image-1652\" width=\"186\" height=\"296\" srcset=\"https:\/\/radiojabato.es\/wp-content\/uploads\/2021\/12\/jesus-en-fibro-1.jpg 574w, https:\/\/radiojabato.es\/wp-content\/uploads\/2021\/12\/jesus-en-fibro-1-188x300.jpg 188w\" sizes=\"auto, (max-width: 186px) 100vw, 186px\" \/><\/figure>\n\n\n\n<p>\u00abLa Calle de Javier\u00bb (Javier Calle), es una calle maravillosa en la que ser\u00eda genial poder tener una casita con jard\u00edn, y balc\u00f3n con vistas a las estrellas. La m\u00fasica es su vida, y con su guitarra toca la balada de su vida, en la que, sin creer hacer nada hizo de todo; sobre todo hizo felices a l@s dem\u00e1s. Javier: \u00abcantar es mi felicidad, y la comparto\u00bb.<\/p>\n","protected":false},"excerpt":{"rendered":"<p>\u00abLa Calle de Javier\u00bb (Javier Calle), es una calle maravillosa en la que ser\u00eda genial poder tener una casita con jard\u00edn, y balc\u00f3n con vistas a las estrellas. La m\u00fasica [&hellip;]<\/p>\n","protected":false},"author":2,"featured_media":0,"comment_status":"open","ping_status":"open","sticky":false,"template":"","format":"standard","meta":{"footnotes":""},"categories":[87],"tags":[],"class_list":["post-1647","post","type-post","status-publish","format-standard","hentry","category-el-quijote-blues"],"_links":{"self":[{"href":"https:\/\/radiojabato.es\/index.php?rest_route=\/wp\/v2\/posts\/1647","targetHints":{"allow":["GET"]}}],"collection":[{"href":"https:\/\/radiojabato.es\/index.php?rest_route=\/wp\/v2\/posts"}],"about":[{"href":"https:\/\/radiojabato.es\/index.php?rest_route=\/wp\/v2\/types\/post"}],"author":[{"embeddable":true,"href":"https:\/\/radiojabato.es\/index.php?rest_route=\/wp\/v2\/users\/2"}],"replies":[{"embeddable":true,"href":"https:\/\/radiojabato.es\/index.php?rest_route=%2Fwp%2Fv2%2Fcomments&post=1647"}],"version-history":[{"count":1,"href":"https:\/\/radiojabato.es\/index.php?rest_route=\/wp\/v2\/posts\/1647\/revisions"}],"predecessor-version":[{"id":1653,"href":"https:\/\/radiojabato.es\/index.php?rest_route=\/wp\/v2\/posts\/1647\/revisions\/1653"}],"wp:attachment":[{"href":"https:\/\/radiojabato.es\/index.php?rest_route=%2Fwp%2Fv2%2Fmedia&parent=1647"}],"wp:term":[{"taxonomy":"category","embeddable":true,"href":"https:\/\/radiojabato.es\/index.php?rest_route=%2Fwp%2Fv2%2Fcategories&post=1647"},{"taxonomy":"post_tag","embeddable":true,"href":"https:\/\/radiojabato.es\/index.php?rest_route=%2Fwp%2Fv2%2Ftags&post=1647"}],"curies":[{"name":"wp","href":"https:\/\/api.w.org\/{rel}","templated":true}]}}