{"id":1623,"date":"2021-12-06T22:26:57","date_gmt":"2021-12-06T22:26:57","guid":{"rendered":"https:\/\/radiojabato.es\/?p=1623"},"modified":"2021-12-06T22:26:57","modified_gmt":"2021-12-06T22:26:57","slug":"cosas-de-los-nadie-colectivo-puente-madera-y-el-saqueo-de-los-memoriales-de-los-3000-las-13-y-los-45","status":"publish","type":"post","link":"https:\/\/radiojabato.es\/?p=1623","title":{"rendered":"Cosas De Los Nadie:\u00bb Colectivo Puente Madera y El Saqueo de los memoriales de Los 3000, las 13 y los 45&#8243;."},"content":{"rendered":"\n<iframe id='audio_79243480' frameborder='0' allowfullscreen='' scrolling='no' height='200' style='width:100%;' src='https:\/\/www.ivoox.com\/player_ej_79243480_6_1.html'><\/iframe>\n\n\n\n<figure class=\"wp-block-image size-large is-resized\"><img loading=\"lazy\" decoding=\"async\" src=\"https:\/\/radiojabato.es\/wp-content\/uploads\/2021\/12\/colec2-1024x644.jpg\" alt=\"\" class=\"wp-image-1625\" width=\"275\" height=\"173\" srcset=\"https:\/\/radiojabato.es\/wp-content\/uploads\/2021\/12\/colec2-1024x644.jpg 1024w, https:\/\/radiojabato.es\/wp-content\/uploads\/2021\/12\/colec2-300x189.jpg 300w, https:\/\/radiojabato.es\/wp-content\/uploads\/2021\/12\/colec2-768x483.jpg 768w, https:\/\/radiojabato.es\/wp-content\/uploads\/2021\/12\/colec2.jpg 1068w\" sizes=\"auto, (max-width: 275px) 100vw, 275px\" \/><figcaption>Enrique Cerro, Esteban Ortiz, Eva Ram\u00edrez, Javier S\u00e1nchez y El\u00edas Rovira. <\/figcaption><\/figure>\n\n\n\n<p>Hablamos Con Esteban Ortiz, miembro del colectivo \u00abPuente Madera\u00bb, Despertando conciencias y defensores de las minor\u00edas atacadas por el fascismo en su Blog \u00abcpuentemadera.blogspot.com\u00bb<br>Despu\u00e9s Antol\u00edn habla del saqueo que se ha producido en los \u00abMemoriales de \u00abLos 3000\u00bb Los \u00ab45 Claveles\u00bb y \u00ab13 Rosas\u00bb donde han \u00abRetirado\u00bb la decoraci\u00f3n puesta porque \u00abEn un Memorial (Cementerio) no puede haber flores ni decoraci\u00f3n\u00bb. Ser\u00e1n denunciados&#8230;.<\/p>\n","protected":false},"excerpt":{"rendered":"<p>Hablamos Con Esteban Ortiz, miembro del colectivo \u00abPuente Madera\u00bb, Despertando conciencias y defensores de las minor\u00edas atacadas por el fascismo en su Blog \u00abcpuentemadera.blogspot.com\u00bbDespu\u00e9s Antol\u00edn habla del saqueo que se [&hellip;]<\/p>\n","protected":false},"author":2,"featured_media":0,"comment_status":"open","ping_status":"open","sticky":false,"template":"","format":"standard","meta":{"footnotes":""},"categories":[37,11],"tags":[],"class_list":["post-1623","post","type-post","status-publish","format-standard","hentry","category-cosas-de-los-nadie","category-entrevistas"],"_links":{"self":[{"href":"https:\/\/radiojabato.es\/index.php?rest_route=\/wp\/v2\/posts\/1623","targetHints":{"allow":["GET"]}}],"collection":[{"href":"https:\/\/radiojabato.es\/index.php?rest_route=\/wp\/v2\/posts"}],"about":[{"href":"https:\/\/radiojabato.es\/index.php?rest_route=\/wp\/v2\/types\/post"}],"author":[{"embeddable":true,"href":"https:\/\/radiojabato.es\/index.php?rest_route=\/wp\/v2\/users\/2"}],"replies":[{"embeddable":true,"href":"https:\/\/radiojabato.es\/index.php?rest_route=%2Fwp%2Fv2%2Fcomments&post=1623"}],"version-history":[{"count":1,"href":"https:\/\/radiojabato.es\/index.php?rest_route=\/wp\/v2\/posts\/1623\/revisions"}],"predecessor-version":[{"id":1626,"href":"https:\/\/radiojabato.es\/index.php?rest_route=\/wp\/v2\/posts\/1623\/revisions\/1626"}],"wp:attachment":[{"href":"https:\/\/radiojabato.es\/index.php?rest_route=%2Fwp%2Fv2%2Fmedia&parent=1623"}],"wp:term":[{"taxonomy":"category","embeddable":true,"href":"https:\/\/radiojabato.es\/index.php?rest_route=%2Fwp%2Fv2%2Fcategories&post=1623"},{"taxonomy":"post_tag","embeddable":true,"href":"https:\/\/radiojabato.es\/index.php?rest_route=%2Fwp%2Fv2%2Ftags&post=1623"}],"curies":[{"name":"wp","href":"https:\/\/api.w.org\/{rel}","templated":true}]}}