{"id":1592,"date":"2021-11-26T19:41:20","date_gmt":"2021-11-26T19:41:20","guid":{"rendered":"https:\/\/radiojabato.es\/?p=1592"},"modified":"2021-11-26T19:41:20","modified_gmt":"2021-11-26T19:41:20","slug":"victor-garcia-dejar-ir-para-renacer","status":"publish","type":"post","link":"https:\/\/radiojabato.es\/?p=1592","title":{"rendered":"V\u00edctor Garc\u00eda: \u00abDejar ir para renacer\u00bb"},"content":{"rendered":"\n<iframe id='audio_78831029' frameborder='0' allowfullscreen='' scrolling='no' height='200' style='width:100%;' src='https:\/\/www.ivoox.com\/player_ej_78831029_6_1.html'><\/iframe>\n\n\n\n<figure class=\"wp-block-image size-large is-resized\"><img loading=\"lazy\" decoding=\"async\" src=\"https:\/\/radiojabato.es\/wp-content\/uploads\/2021\/11\/victor1-1024x429.jpg\" alt=\"\" class=\"wp-image-1593\" width=\"333\" height=\"139\" srcset=\"https:\/\/radiojabato.es\/wp-content\/uploads\/2021\/11\/victor1-1024x429.jpg 1024w, https:\/\/radiojabato.es\/wp-content\/uploads\/2021\/11\/victor1-300x126.jpg 300w, https:\/\/radiojabato.es\/wp-content\/uploads\/2021\/11\/victor1-768x322.jpg 768w, https:\/\/radiojabato.es\/wp-content\/uploads\/2021\/11\/victor1.jpg 1280w\" sizes=\"auto, (max-width: 333px) 100vw, 333px\" \/><figcaption>Presentaci\u00f3n de V\u00edctor Garc\u00eda en la Biblioteca de Coslada. <\/figcaption><\/figure>\n\n\n\n<figure class=\"wp-block-image size-full is-resized\"><img loading=\"lazy\" decoding=\"async\" src=\"https:\/\/radiojabato.es\/wp-content\/uploads\/2021\/11\/libro.jpg\" alt=\"\" class=\"wp-image-1594\" width=\"275\" height=\"413\" srcset=\"https:\/\/radiojabato.es\/wp-content\/uploads\/2021\/11\/libro.jpg 360w, https:\/\/radiojabato.es\/wp-content\/uploads\/2021\/11\/libro-200x300.jpg 200w\" sizes=\"auto, (max-width: 275px) 100vw, 275px\" \/><\/figure>\n\n\n\n<figure class=\"wp-block-image size-large is-resized\"><img loading=\"lazy\" decoding=\"async\" src=\"https:\/\/radiojabato.es\/wp-content\/uploads\/2021\/11\/victor2-1024x730.jpg\" alt=\"\" class=\"wp-image-1595\" width=\"227\" height=\"161\" srcset=\"https:\/\/radiojabato.es\/wp-content\/uploads\/2021\/11\/victor2-1024x730.jpg 1024w, https:\/\/radiojabato.es\/wp-content\/uploads\/2021\/11\/victor2-300x214.jpg 300w, https:\/\/radiojabato.es\/wp-content\/uploads\/2021\/11\/victor2-768x547.jpg 768w, https:\/\/radiojabato.es\/wp-content\/uploads\/2021\/11\/victor2.jpg 1280w\" sizes=\"auto, (max-width: 227px) 100vw, 227px\" \/><figcaption>No dejemos de Lado la Salud Mental.<\/figcaption><\/figure>\n\n\n\n<p>El chico de 20 a\u00f1os que \u00abconvirti\u00f3 su pesadilla en un sue\u00f1o\u00bb, escribiendo \u00abDejar Ir Para Renacer\u00bb, libro sobre el proceso de depresi\u00f3n que le llev\u00f3 a plantearse vivir. Charlamos con \u00e9l y su hermana Marta, qui\u00e9n fue su apoyo m\u00e1s importante para salir de esa soledad y aislamiento en el que V\u00edctor se auto-lesion\u00f3 en varias ocasiones. V\u00edctor: \u00abTodav\u00eda no he salido del todo, pero quiero vivir\u00bb.<\/p>\n","protected":false},"excerpt":{"rendered":"<p>El chico de 20 a\u00f1os que \u00abconvirti\u00f3 su pesadilla en un sue\u00f1o\u00bb, escribiendo \u00abDejar Ir Para Renacer\u00bb, libro sobre el proceso de depresi\u00f3n que le llev\u00f3 a plantearse vivir. Charlamos [&hellip;]<\/p>\n","protected":false},"author":2,"featured_media":0,"comment_status":"open","ping_status":"open","sticky":false,"template":"","format":"standard","meta":{"footnotes":""},"categories":[5],"tags":[],"class_list":["post-1592","post","type-post","status-publish","format-standard","hentry","category-elquijote4-3"],"_links":{"self":[{"href":"https:\/\/radiojabato.es\/index.php?rest_route=\/wp\/v2\/posts\/1592","targetHints":{"allow":["GET"]}}],"collection":[{"href":"https:\/\/radiojabato.es\/index.php?rest_route=\/wp\/v2\/posts"}],"about":[{"href":"https:\/\/radiojabato.es\/index.php?rest_route=\/wp\/v2\/types\/post"}],"author":[{"embeddable":true,"href":"https:\/\/radiojabato.es\/index.php?rest_route=\/wp\/v2\/users\/2"}],"replies":[{"embeddable":true,"href":"https:\/\/radiojabato.es\/index.php?rest_route=%2Fwp%2Fv2%2Fcomments&post=1592"}],"version-history":[{"count":1,"href":"https:\/\/radiojabato.es\/index.php?rest_route=\/wp\/v2\/posts\/1592\/revisions"}],"predecessor-version":[{"id":1596,"href":"https:\/\/radiojabato.es\/index.php?rest_route=\/wp\/v2\/posts\/1592\/revisions\/1596"}],"wp:attachment":[{"href":"https:\/\/radiojabato.es\/index.php?rest_route=%2Fwp%2Fv2%2Fmedia&parent=1592"}],"wp:term":[{"taxonomy":"category","embeddable":true,"href":"https:\/\/radiojabato.es\/index.php?rest_route=%2Fwp%2Fv2%2Fcategories&post=1592"},{"taxonomy":"post_tag","embeddable":true,"href":"https:\/\/radiojabato.es\/index.php?rest_route=%2Fwp%2Fv2%2Ftags&post=1592"}],"curies":[{"name":"wp","href":"https:\/\/api.w.org\/{rel}","templated":true}]}}