{"id":1562,"date":"2021-11-19T20:58:20","date_gmt":"2021-11-19T20:58:20","guid":{"rendered":"https:\/\/radiojabato.es\/?p=1562"},"modified":"2021-11-19T21:00:20","modified_gmt":"2021-11-19T21:00:20","slug":"belen-martin-una-gran-saxofonista-que-suena-con-ser-ella-misma","status":"publish","type":"post","link":"https:\/\/radiojabato.es\/?p=1562","title":{"rendered":"Bel\u00e9n Mart\u00edn; \u00abuna gran saxofonista que sue\u00f1a con ser ella misma\u00bb."},"content":{"rendered":"\n<iframe id=\"audio_78505950\" frameborder=\"0\" allowfullscreen=\"\" scrolling=\"no\" height=\"200\" style=\"width:100%;\" src=\"https:\/\/www.ivoox.com\/player_ej_78505950_6_1.html\"><\/iframe>\n\n\n\n<figure class=\"wp-block-image size-large is-resized\"><img loading=\"lazy\" decoding=\"async\" src=\"https:\/\/radiojabato.es\/wp-content\/uploads\/2021\/11\/photo_2021-11-19_21-51-39-1024x768.jpg\" alt=\"\" class=\"wp-image-1563\" width=\"235\" height=\"176\" srcset=\"https:\/\/radiojabato.es\/wp-content\/uploads\/2021\/11\/photo_2021-11-19_21-51-39-1024x768.jpg 1024w, https:\/\/radiojabato.es\/wp-content\/uploads\/2021\/11\/photo_2021-11-19_21-51-39-300x225.jpg 300w, https:\/\/radiojabato.es\/wp-content\/uploads\/2021\/11\/photo_2021-11-19_21-51-39-768x576.jpg 768w, https:\/\/radiojabato.es\/wp-content\/uploads\/2021\/11\/photo_2021-11-19_21-51-39.jpg 1280w\" sizes=\"auto, (max-width: 235px) 100vw, 235px\" \/><\/figure>\n\n\n\n<figure class=\"wp-block-image size-full is-resized\"><img loading=\"lazy\" decoding=\"async\" src=\"https:\/\/radiojabato.es\/wp-content\/uploads\/2021\/11\/photo_2021-11-19_21-51-50.jpg\" alt=\"\" class=\"wp-image-1564\" width=\"98\" height=\"147\" srcset=\"https:\/\/radiojabato.es\/wp-content\/uploads\/2021\/11\/photo_2021-11-19_21-51-50.jpg 427w, https:\/\/radiojabato.es\/wp-content\/uploads\/2021\/11\/photo_2021-11-19_21-51-50-200x300.jpg 200w\" sizes=\"auto, (max-width: 98px) 100vw, 98px\" \/><\/figure>\n\n\n\n<figure class=\"wp-block-image size-full is-resized\"><img loading=\"lazy\" decoding=\"async\" src=\"https:\/\/radiojabato.es\/wp-content\/uploads\/2021\/11\/photo_2021-11-19_21-51-28.jpg\" alt=\"\" class=\"wp-image-1565\" width=\"221\" height=\"147\" srcset=\"https:\/\/radiojabato.es\/wp-content\/uploads\/2021\/11\/photo_2021-11-19_21-51-28.jpg 960w, https:\/\/radiojabato.es\/wp-content\/uploads\/2021\/11\/photo_2021-11-19_21-51-28-300x200.jpg 300w, https:\/\/radiojabato.es\/wp-content\/uploads\/2021\/11\/photo_2021-11-19_21-51-28-768x512.jpg 768w\" sizes=\"auto, (max-width: 221px) 100vw, 221px\" \/><\/figure>\n\n\n\n<figure class=\"wp-block-image size-large is-resized\"><img loading=\"lazy\" decoding=\"async\" src=\"https:\/\/radiojabato.es\/wp-content\/uploads\/2021\/11\/photo_2021-11-19_21-50-30-1024x713.jpg\" alt=\"\" class=\"wp-image-1566\" width=\"219\" height=\"152\" srcset=\"https:\/\/radiojabato.es\/wp-content\/uploads\/2021\/11\/photo_2021-11-19_21-50-30-1024x713.jpg 1024w, https:\/\/radiojabato.es\/wp-content\/uploads\/2021\/11\/photo_2021-11-19_21-50-30-300x209.jpg 300w, https:\/\/radiojabato.es\/wp-content\/uploads\/2021\/11\/photo_2021-11-19_21-50-30-768x535.jpg 768w, https:\/\/radiojabato.es\/wp-content\/uploads\/2021\/11\/photo_2021-11-19_21-50-30.jpg 1280w\" sizes=\"auto, (max-width: 219px) 100vw, 219px\" \/><\/figure>\n\n\n\n<p>Debut\u00f3 en el \u00abFestival JazzMadrid\u00b420\u00bb despu\u00e9s de obtener la \u00abIII Residencia Musical de Conde Duque\u00bb. Donde demostr\u00f3 que, la juventud no est\u00e1 re\u00f1ida con la madurez. Y es lo que se atisba nada m\u00e1s escuchar a Bel\u00e9n Mart\u00edn tocar el saxo. Su estilo es muy personal, y en su curiosidad por descubrirse a s\u00ed misma, camina por el \u00abjazz-flamenco\u00bb, con su banda \u00abBel\u00e9n Mart\u00edn Quintet\u00bb.<\/p>\n","protected":false},"excerpt":{"rendered":"<p>Debut\u00f3 en el \u00abFestival JazzMadrid\u00b420\u00bb despu\u00e9s de obtener la \u00abIII Residencia Musical de Conde Duque\u00bb. Donde demostr\u00f3 que, la juventud no est\u00e1 re\u00f1ida con la madurez. Y es lo que [&hellip;]<\/p>\n","protected":false},"author":2,"featured_media":0,"comment_status":"open","ping_status":"open","sticky":false,"template":"","format":"standard","meta":{"footnotes":""},"categories":[87,11],"tags":[],"class_list":["post-1562","post","type-post","status-publish","format-standard","hentry","category-el-quijote-blues","category-entrevistas"],"_links":{"self":[{"href":"https:\/\/radiojabato.es\/index.php?rest_route=\/wp\/v2\/posts\/1562","targetHints":{"allow":["GET"]}}],"collection":[{"href":"https:\/\/radiojabato.es\/index.php?rest_route=\/wp\/v2\/posts"}],"about":[{"href":"https:\/\/radiojabato.es\/index.php?rest_route=\/wp\/v2\/types\/post"}],"author":[{"embeddable":true,"href":"https:\/\/radiojabato.es\/index.php?rest_route=\/wp\/v2\/users\/2"}],"replies":[{"embeddable":true,"href":"https:\/\/radiojabato.es\/index.php?rest_route=%2Fwp%2Fv2%2Fcomments&post=1562"}],"version-history":[{"count":3,"href":"https:\/\/radiojabato.es\/index.php?rest_route=\/wp\/v2\/posts\/1562\/revisions"}],"predecessor-version":[{"id":1569,"href":"https:\/\/radiojabato.es\/index.php?rest_route=\/wp\/v2\/posts\/1562\/revisions\/1569"}],"wp:attachment":[{"href":"https:\/\/radiojabato.es\/index.php?rest_route=%2Fwp%2Fv2%2Fmedia&parent=1562"}],"wp:term":[{"taxonomy":"category","embeddable":true,"href":"https:\/\/radiojabato.es\/index.php?rest_route=%2Fwp%2Fv2%2Fcategories&post=1562"},{"taxonomy":"post_tag","embeddable":true,"href":"https:\/\/radiojabato.es\/index.php?rest_route=%2Fwp%2Fv2%2Ftags&post=1562"}],"curies":[{"name":"wp","href":"https:\/\/api.w.org\/{rel}","templated":true}]}}