{"id":1486,"date":"2021-10-15T13:22:37","date_gmt":"2021-10-15T13:22:37","guid":{"rendered":"https:\/\/radiojabato.es\/?p=1486"},"modified":"2021-10-15T13:22:37","modified_gmt":"2021-10-15T13:22:37","slug":"el-quijote-4-3-aficor-asociacion-de-fibromialgia-del-corredor-del-henares","status":"publish","type":"post","link":"https:\/\/radiojabato.es\/?p=1486","title":{"rendered":"El Quijote 4.3: \u00abAFICOR, Asociaci\u00f3n de Fibromialgia del Corredor del Henares\u00bb."},"content":{"rendered":"\n<ul class=\"wp-block-list\"><li><\/li><\/ul>\n\n\n\n<iframe id='audio_76809448' frameborder='0' allowfullscreen='' scrolling='no' height='200' style='width:100%;' src='https:\/\/www.ivoox.com\/player_ej_76809448_6_1.html'><\/iframe>\n\n\n\n<figure class=\"wp-block-image size-full\"><img loading=\"lazy\" decoding=\"async\" width=\"225\" height=\"225\" src=\"https:\/\/radiojabato.es\/wp-content\/uploads\/2021\/10\/logo-aficor.jpg\" alt=\"\" class=\"wp-image-1487\" srcset=\"https:\/\/radiojabato.es\/wp-content\/uploads\/2021\/10\/logo-aficor.jpg 225w, https:\/\/radiojabato.es\/wp-content\/uploads\/2021\/10\/logo-aficor-150x150.jpg 150w\" sizes=\"auto, (max-width: 225px) 100vw, 225px\" \/><\/figure>\n\n\n\n<p>\u00abLa fibromialgia no es el final\u00bb, declara en esta apasionante y emotiva entrevista Manoli Cumbre\u00f1o, Presidenta de AFICOR, (La Asociaci\u00f3n de la fibromialgia del Corredor del Henares). Y pone en valor vivir en el oscuro t\u00fanel de una enfermedad cr\u00f3nica, reconocida a nivel mundial por los organismos de la salud, pero que en Espa\u00f1a, es ninguneada y mal tratada por la mayor\u00eda de los m\u00e9dicos, como no reconocida ni valorada por organismos como el INSS (Instituto Nacional de la Seguridad Social).<\/p>\n","protected":false},"excerpt":{"rendered":"<p>\u00abLa fibromialgia no es el final\u00bb, declara en esta apasionante y emotiva entrevista Manoli Cumbre\u00f1o, Presidenta de AFICOR, (La Asociaci\u00f3n de la fibromialgia del Corredor del Henares). Y pone en [&hellip;]<\/p>\n","protected":false},"author":2,"featured_media":0,"comment_status":"open","ping_status":"open","sticky":false,"template":"","format":"standard","meta":{"footnotes":""},"categories":[5,11],"tags":[],"class_list":["post-1486","post","type-post","status-publish","format-standard","hentry","category-elquijote4-3","category-entrevistas"],"_links":{"self":[{"href":"https:\/\/radiojabato.es\/index.php?rest_route=\/wp\/v2\/posts\/1486","targetHints":{"allow":["GET"]}}],"collection":[{"href":"https:\/\/radiojabato.es\/index.php?rest_route=\/wp\/v2\/posts"}],"about":[{"href":"https:\/\/radiojabato.es\/index.php?rest_route=\/wp\/v2\/types\/post"}],"author":[{"embeddable":true,"href":"https:\/\/radiojabato.es\/index.php?rest_route=\/wp\/v2\/users\/2"}],"replies":[{"embeddable":true,"href":"https:\/\/radiojabato.es\/index.php?rest_route=%2Fwp%2Fv2%2Fcomments&post=1486"}],"version-history":[{"count":1,"href":"https:\/\/radiojabato.es\/index.php?rest_route=\/wp\/v2\/posts\/1486\/revisions"}],"predecessor-version":[{"id":1488,"href":"https:\/\/radiojabato.es\/index.php?rest_route=\/wp\/v2\/posts\/1486\/revisions\/1488"}],"wp:attachment":[{"href":"https:\/\/radiojabato.es\/index.php?rest_route=%2Fwp%2Fv2%2Fmedia&parent=1486"}],"wp:term":[{"taxonomy":"category","embeddable":true,"href":"https:\/\/radiojabato.es\/index.php?rest_route=%2Fwp%2Fv2%2Fcategories&post=1486"},{"taxonomy":"post_tag","embeddable":true,"href":"https:\/\/radiojabato.es\/index.php?rest_route=%2Fwp%2Fv2%2Ftags&post=1486"}],"curies":[{"name":"wp","href":"https:\/\/api.w.org\/{rel}","templated":true}]}}