{"id":14655,"date":"2026-04-27T18:28:33","date_gmt":"2026-04-27T18:28:33","guid":{"rendered":"https:\/\/radiojabato.es\/?p=14655"},"modified":"2026-04-27T18:28:33","modified_gmt":"2026-04-27T18:28:33","slug":"abrimos-la-puerta-en-radio-jabato-fibro-alcala","status":"publish","type":"post","link":"https:\/\/radiojabato.es\/?p=14655","title":{"rendered":"ABRIMOS LA PUERTA EN RADIO JABATO: \u00abFibro Alcal\u00e1\u00bb."},"content":{"rendered":"\n<iframe src=\"https:\/\/www.ivoox.com\/player_ej_172640766_6_1.html?c1=d11212\" width=\"100%\" height=\"200\" frameborder=\"0\" allowfullscreen=\"\" scrolling=\"no\" loading=\"lazy\"><\/iframe>\n\n\n\n<figure class=\"wp-block-embed is-type-video is-provider-youtube wp-block-embed-youtube wp-embed-aspect-4-3 wp-has-aspect-ratio\"><div class=\"wp-block-embed__wrapper\">\n<iframe loading=\"lazy\" title=\"ABRIMOS LA PUERTA EN RADIO JABATO: &quot;Fibro Alcal\u00e1&quot;.\" width=\"750\" height=\"563\" src=\"https:\/\/www.youtube.com\/embed\/wypxHtxO5sg?feature=oembed\" frameborder=\"0\" allow=\"accelerometer; autoplay; clipboard-write; encrypted-media; gyroscope; picture-in-picture; web-share\" referrerpolicy=\"strict-origin-when-cross-origin\" allowfullscreen><\/iframe>\n<\/div><\/figure>\n\n\n\n<p>Abrimos la Puerta en Radio Jabato a Fibro Alcal\u00e1, Asociaci\u00f3n sin \u00e1nimo de lucro, con Teresa de Jes\u00fas P\u00e9rez-Cejuela, presidenta, SandraMar\u00eda Barreiro, ayudante de tesorer\u00eda, Mar\u00eda Jos\u00e9 P\u00e9rez, Vocal de Comunicaci\u00f3n, Bego\u00f1a P\u00e9rez Valdehermoso, responsable Comunicaci\u00f3n y vocal y Josefa Andreu, Tesorera.<\/p>\n\n\n\n<p>Asociaci\u00f3n Creada en 2017 por un grupo de amigas unidas por la experiencia de la fibromialgia decidi\u00f3 dar un paso al frente, Un lugar acogedor donde la empat\u00eda y la comprensi\u00f3n son lo primordial, comparten su lucha y tambi\u00e9n celebran sus logros y se brindan apoyo mutuo.<\/p>\n\n\n\n<p>Explicamos la \u201cCAMPA\u00d1A DE GIRASOLES DE FIBROAPOYO\u201d CONCENTRACI\u00d3N el dia 9 de mayo de 11h30 a 13h00 frente al Ministerio de Sanidad.<\/p>\n\n\n\n<p>III JORNADAS SOBRE FIBROMIALGIA&nbsp;&nbsp; \u00abNuevas Investigaciones sobre la Comprensi\u00f3n y el Tratamiento de la Fibromialgia\u00bb 12 de Mayo D\u00eda Internacional de la Fibromialgia en el Hospital Universitario Pr\u00edncipe de Asturias.<\/p>\n\n\n\n<p>Contacta en Correo electr\u00f3nico: <a href=\"mailto:fibroalcala@gmail.com\">fibroalcala@gmail.com<\/a> y en sus redes sociales.<\/p>\n\n\n\n<figure class=\"wp-block-gallery has-nested-images columns-default is-cropped wp-block-gallery-1 is-layout-flex wp-block-gallery-is-layout-flex\">\n<figure class=\"wp-block-image size-large\"><img loading=\"lazy\" decoding=\"async\" width=\"727\" height=\"1024\" data-id=\"14659\" src=\"https:\/\/radiojabato.es\/wp-content\/uploads\/2026\/04\/IMG-20260424-WA0002-727x1024.jpg\" alt=\"\" class=\"wp-image-14659\" srcset=\"https:\/\/radiojabato.es\/wp-content\/uploads\/2026\/04\/IMG-20260424-WA0002-727x1024.jpg 727w, https:\/\/radiojabato.es\/wp-content\/uploads\/2026\/04\/IMG-20260424-WA0002-213x300.jpg 213w, https:\/\/radiojabato.es\/wp-content\/uploads\/2026\/04\/IMG-20260424-WA0002-768x1082.jpg 768w, https:\/\/radiojabato.es\/wp-content\/uploads\/2026\/04\/IMG-20260424-WA0002.jpg 1080w\" sizes=\"auto, (max-width: 727px) 100vw, 727px\" \/><\/figure>\n\n\n\n<figure class=\"wp-block-image size-large\"><img loading=\"lazy\" decoding=\"async\" width=\"695\" height=\"1024\" data-id=\"14660\" src=\"https:\/\/radiojabato.es\/wp-content\/uploads\/2026\/04\/IMG-20260424-WA0003-695x1024.jpg\" alt=\"\" class=\"wp-image-14660\" srcset=\"https:\/\/radiojabato.es\/wp-content\/uploads\/2026\/04\/IMG-20260424-WA0003-695x1024.jpg 695w, https:\/\/radiojabato.es\/wp-content\/uploads\/2026\/04\/IMG-20260424-WA0003-203x300.jpg 203w, https:\/\/radiojabato.es\/wp-content\/uploads\/2026\/04\/IMG-20260424-WA0003-768x1132.jpg 768w, https:\/\/radiojabato.es\/wp-content\/uploads\/2026\/04\/IMG-20260424-WA0003.jpg 911w\" sizes=\"auto, (max-width: 695px) 100vw, 695px\" \/><\/figure>\n\n\n\n<figure class=\"wp-block-image size-large\"><img loading=\"lazy\" decoding=\"async\" width=\"732\" height=\"1024\" data-id=\"14657\" src=\"https:\/\/radiojabato.es\/wp-content\/uploads\/2026\/04\/IMG-20260424-WA0007-732x1024.jpg\" alt=\"\" class=\"wp-image-14657\" srcset=\"https:\/\/radiojabato.es\/wp-content\/uploads\/2026\/04\/IMG-20260424-WA0007-732x1024.jpg 732w, https:\/\/radiojabato.es\/wp-content\/uploads\/2026\/04\/IMG-20260424-WA0007-215x300.jpg 215w, https:\/\/radiojabato.es\/wp-content\/uploads\/2026\/04\/IMG-20260424-WA0007-768x1074.jpg 768w, https:\/\/radiojabato.es\/wp-content\/uploads\/2026\/04\/IMG-20260424-WA0007.jpg 1080w\" sizes=\"auto, (max-width: 732px) 100vw, 732px\" \/><\/figure>\n\n\n\n<figure class=\"wp-block-image size-large\"><img loading=\"lazy\" decoding=\"async\" width=\"726\" height=\"1024\" data-id=\"14656\" src=\"https:\/\/radiojabato.es\/wp-content\/uploads\/2026\/04\/IMG-20260424-WA0008-726x1024.jpg\" alt=\"\" class=\"wp-image-14656\" srcset=\"https:\/\/radiojabato.es\/wp-content\/uploads\/2026\/04\/IMG-20260424-WA0008-726x1024.jpg 726w, https:\/\/radiojabato.es\/wp-content\/uploads\/2026\/04\/IMG-20260424-WA0008-213x300.jpg 213w, https:\/\/radiojabato.es\/wp-content\/uploads\/2026\/04\/IMG-20260424-WA0008-768x1083.jpg 768w, https:\/\/radiojabato.es\/wp-content\/uploads\/2026\/04\/IMG-20260424-WA0008.jpg 1080w\" sizes=\"auto, (max-width: 726px) 100vw, 726px\" \/><\/figure>\n\n\n\n<figure class=\"wp-block-image size-large\"><img loading=\"lazy\" decoding=\"async\" width=\"697\" height=\"1024\" data-id=\"14658\" src=\"https:\/\/radiojabato.es\/wp-content\/uploads\/2026\/04\/photo_2026-04-26_19-27-50-697x1024.jpg\" alt=\"\" class=\"wp-image-14658\" srcset=\"https:\/\/radiojabato.es\/wp-content\/uploads\/2026\/04\/photo_2026-04-26_19-27-50-697x1024.jpg 697w, https:\/\/radiojabato.es\/wp-content\/uploads\/2026\/04\/photo_2026-04-26_19-27-50-204x300.jpg 204w, https:\/\/radiojabato.es\/wp-content\/uploads\/2026\/04\/photo_2026-04-26_19-27-50-768x1129.jpg 768w, https:\/\/radiojabato.es\/wp-content\/uploads\/2026\/04\/photo_2026-04-26_19-27-50.jpg 871w\" sizes=\"auto, (max-width: 697px) 100vw, 697px\" \/><\/figure>\n<\/figure>\n","protected":false},"excerpt":{"rendered":"<p>Abrimos la Puerta en Radio Jabato a Fibro Alcal\u00e1, Asociaci\u00f3n sin \u00e1nimo de lucro, con Teresa de Jes\u00fas P\u00e9rez-Cejuela, presidenta, SandraMar\u00eda Barreiro, ayudante de tesorer\u00eda, Mar\u00eda Jos\u00e9 P\u00e9rez, Vocal de [&hellip;]<\/p>\n","protected":false},"author":2,"featured_media":0,"comment_status":"open","ping_status":"open","sticky":false,"template":"","format":"standard","meta":{"footnotes":""},"categories":[784],"tags":[2277,2080,2332,69,48],"class_list":["post-14655","post","type-post","status-publish","format-standard","hentry","category-abrimos-la-puerta","tag-abrimos-la-puerta-en-radio-jabato","tag-ana-lopez-khi-4","tag-fibro-alcala","tag-fibromialgia","tag-radio-jabato"],"_links":{"self":[{"href":"https:\/\/radiojabato.es\/index.php?rest_route=\/wp\/v2\/posts\/14655","targetHints":{"allow":["GET"]}}],"collection":[{"href":"https:\/\/radiojabato.es\/index.php?rest_route=\/wp\/v2\/posts"}],"about":[{"href":"https:\/\/radiojabato.es\/index.php?rest_route=\/wp\/v2\/types\/post"}],"author":[{"embeddable":true,"href":"https:\/\/radiojabato.es\/index.php?rest_route=\/wp\/v2\/users\/2"}],"replies":[{"embeddable":true,"href":"https:\/\/radiojabato.es\/index.php?rest_route=%2Fwp%2Fv2%2Fcomments&post=14655"}],"version-history":[{"count":1,"href":"https:\/\/radiojabato.es\/index.php?rest_route=\/wp\/v2\/posts\/14655\/revisions"}],"predecessor-version":[{"id":14661,"href":"https:\/\/radiojabato.es\/index.php?rest_route=\/wp\/v2\/posts\/14655\/revisions\/14661"}],"wp:attachment":[{"href":"https:\/\/radiojabato.es\/index.php?rest_route=%2Fwp%2Fv2%2Fmedia&parent=14655"}],"wp:term":[{"taxonomy":"category","embeddable":true,"href":"https:\/\/radiojabato.es\/index.php?rest_route=%2Fwp%2Fv2%2Fcategories&post=14655"},{"taxonomy":"post_tag","embeddable":true,"href":"https:\/\/radiojabato.es\/index.php?rest_route=%2Fwp%2Fv2%2Ftags&post=14655"}],"curies":[{"name":"wp","href":"https:\/\/api.w.org\/{rel}","templated":true}]}}