{"id":14567,"date":"2026-04-24T17:55:06","date_gmt":"2026-04-24T17:55:06","guid":{"rendered":"https:\/\/radiojabato.es\/?p=14567"},"modified":"2026-04-24T17:55:06","modified_gmt":"2026-04-24T17:55:06","slug":"a-4-micros-conversaciones-con-alma-especial-aniversario-a-4-micros-conversaciones-con-alma","status":"publish","type":"post","link":"https:\/\/radiojabato.es\/?p=14567","title":{"rendered":"A 4 Micros Conversaciones Con Alma: \u201cEspecial Aniversario A 4 Micros Conversaciones Con Alma\u201d."},"content":{"rendered":"\n<iframe src=\"https:\/\/www.ivoox.com\/player_ej_172526903_6_1.html?c1=c39524\" width=\"100%\" height=\"200\" frameborder=\"0\" allowfullscreen=\"\" scrolling=\"no\" loading=\"lazy\"><\/iframe>\n\n\n\n<figure class=\"wp-block-embed is-type-video is-provider-youtube wp-block-embed-youtube wp-embed-aspect-16-9 wp-has-aspect-ratio\"><div class=\"wp-block-embed__wrapper\">\n<iframe loading=\"lazy\" title=\"A 4 Micros Conversaciones Con Alma: \u201cEspecial Aniversario A 4 Micros Conversaciones Con Alma\u201d.\" width=\"750\" height=\"422\" src=\"https:\/\/www.youtube.com\/embed\/EmJaq1WQTJk?feature=oembed\" frameborder=\"0\" allow=\"accelerometer; autoplay; clipboard-write; encrypted-media; gyroscope; picture-in-picture; web-share\" referrerpolicy=\"strict-origin-when-cross-origin\" allowfullscreen><\/iframe>\n<\/div><\/figure>\n\n\n\n<p>Hoy en 4 micros repasamos este aniversario con los recuerdos de como se empez\u00f3, la idea, el avance hasta hoy, como una conexi\u00f3n tan especial ha derivado en una amistad \u00edntima llena de an\u00e9cdotas dentro y fuera del estudio, con admiraciones y conocimiento mutuo.<\/p>\n\n\n\n<p>Repasamos tambi\u00e9n el como la audiencia ha ido creciendo y participando, una comuni\u00f3n de empat\u00eda y complicidad con ellas, ayudar a una persona hace que merezca la pena.<\/p>\n\n\n\n<p>Un camino que empez\u00f3 hace ya un a\u00f1o y que tiene visos de seguir por muchos m\u00e1s, con mucha \u201cALMA\u201d.<\/p>\n\n\n\n<figure class=\"wp-block-gallery has-nested-images columns-default is-cropped wp-block-gallery-1 is-layout-flex wp-block-gallery-is-layout-flex\">\n<figure class=\"wp-block-image size-large\"><img loading=\"lazy\" decoding=\"async\" width=\"1024\" height=\"768\" data-id=\"14569\" src=\"https:\/\/radiojabato.es\/wp-content\/uploads\/2026\/04\/photo_1_2026-04-24_12-54-56-1024x768.jpg\" alt=\"\" class=\"wp-image-14569\" srcset=\"https:\/\/radiojabato.es\/wp-content\/uploads\/2026\/04\/photo_1_2026-04-24_12-54-56-1024x768.jpg 1024w, https:\/\/radiojabato.es\/wp-content\/uploads\/2026\/04\/photo_1_2026-04-24_12-54-56-300x225.jpg 300w, https:\/\/radiojabato.es\/wp-content\/uploads\/2026\/04\/photo_1_2026-04-24_12-54-56-768x576.jpg 768w, https:\/\/radiojabato.es\/wp-content\/uploads\/2026\/04\/photo_1_2026-04-24_12-54-56.jpg 1280w\" sizes=\"auto, (max-width: 1024px) 100vw, 1024px\" \/><\/figure>\n\n\n\n<figure class=\"wp-block-image size-large\"><img loading=\"lazy\" decoding=\"async\" width=\"768\" height=\"1024\" data-id=\"14570\" src=\"https:\/\/radiojabato.es\/wp-content\/uploads\/2026\/04\/photo_2_2026-04-24_12-54-56-768x1024.jpg\" alt=\"\" class=\"wp-image-14570\" srcset=\"https:\/\/radiojabato.es\/wp-content\/uploads\/2026\/04\/photo_2_2026-04-24_12-54-56-768x1024.jpg 768w, https:\/\/radiojabato.es\/wp-content\/uploads\/2026\/04\/photo_2_2026-04-24_12-54-56-225x300.jpg 225w, https:\/\/radiojabato.es\/wp-content\/uploads\/2026\/04\/photo_2_2026-04-24_12-54-56.jpg 960w\" sizes=\"auto, (max-width: 768px) 100vw, 768px\" \/><\/figure>\n\n\n\n<figure class=\"wp-block-image size-large\"><img loading=\"lazy\" decoding=\"async\" width=\"768\" height=\"1024\" data-id=\"14568\" src=\"https:\/\/radiojabato.es\/wp-content\/uploads\/2026\/04\/photo_4_2026-04-24_12-54-56-768x1024.jpg\" alt=\"\" class=\"wp-image-14568\" srcset=\"https:\/\/radiojabato.es\/wp-content\/uploads\/2026\/04\/photo_4_2026-04-24_12-54-56-768x1024.jpg 768w, https:\/\/radiojabato.es\/wp-content\/uploads\/2026\/04\/photo_4_2026-04-24_12-54-56-225x300.jpg 225w, https:\/\/radiojabato.es\/wp-content\/uploads\/2026\/04\/photo_4_2026-04-24_12-54-56.jpg 960w\" sizes=\"auto, (max-width: 768px) 100vw, 768px\" \/><\/figure>\n<\/figure>\n","protected":false},"excerpt":{"rendered":"<p>Hoy en 4 micros repasamos este aniversario con los recuerdos de como se empez\u00f3, la idea, el avance hasta hoy, como una conexi\u00f3n tan especial ha derivado en una amistad [&hellip;]<\/p>\n","protected":false},"author":2,"featured_media":0,"comment_status":"open","ping_status":"open","sticky":false,"template":"","format":"standard","meta":{"footnotes":""},"categories":[1947],"tags":[1946,1553,1945,187,542,2143,2144,48],"class_list":["post-14567","post","type-post","status-publish","format-standard","hentry","category-a-4-micros-conversaciones-con-alma","tag-a-4-micros-conversaciones-con-alma","tag-ana-arnaiz","tag-ana-barajas","tag-feminismo","tag-igualdad","tag-laura-arellano","tag-mariel-sejas","tag-radio-jabato"],"_links":{"self":[{"href":"https:\/\/radiojabato.es\/index.php?rest_route=\/wp\/v2\/posts\/14567","targetHints":{"allow":["GET"]}}],"collection":[{"href":"https:\/\/radiojabato.es\/index.php?rest_route=\/wp\/v2\/posts"}],"about":[{"href":"https:\/\/radiojabato.es\/index.php?rest_route=\/wp\/v2\/types\/post"}],"author":[{"embeddable":true,"href":"https:\/\/radiojabato.es\/index.php?rest_route=\/wp\/v2\/users\/2"}],"replies":[{"embeddable":true,"href":"https:\/\/radiojabato.es\/index.php?rest_route=%2Fwp%2Fv2%2Fcomments&post=14567"}],"version-history":[{"count":1,"href":"https:\/\/radiojabato.es\/index.php?rest_route=\/wp\/v2\/posts\/14567\/revisions"}],"predecessor-version":[{"id":14571,"href":"https:\/\/radiojabato.es\/index.php?rest_route=\/wp\/v2\/posts\/14567\/revisions\/14571"}],"wp:attachment":[{"href":"https:\/\/radiojabato.es\/index.php?rest_route=%2Fwp%2Fv2%2Fmedia&parent=14567"}],"wp:term":[{"taxonomy":"category","embeddable":true,"href":"https:\/\/radiojabato.es\/index.php?rest_route=%2Fwp%2Fv2%2Fcategories&post=14567"},{"taxonomy":"post_tag","embeddable":true,"href":"https:\/\/radiojabato.es\/index.php?rest_route=%2Fwp%2Fv2%2Ftags&post=14567"}],"curies":[{"name":"wp","href":"https:\/\/api.w.org\/{rel}","templated":true}]}}