{"id":1308,"date":"2021-07-03T19:46:52","date_gmt":"2021-07-03T19:46:52","guid":{"rendered":"https:\/\/radiojabato.es\/?p=1308"},"modified":"2021-07-03T19:46:52","modified_gmt":"2021-07-03T19:46:52","slug":"accion-social-maria-teresa-gonzalez-ausin-concejala-cidam-en-la-semana-lgtbiqetc","status":"publish","type":"post","link":"https:\/\/radiojabato.es\/?p=1308","title":{"rendered":"Acci\u00f3n Social: \u00abMar\u00eda Teresa Gonz\u00e1lez Aus\u00edn Concejala CIDAM en la semana LGTBIQetc&#8230;\u00bb"},"content":{"rendered":"\n<iframe id='audio_72303931' frameborder='0' allowfullscreen='' scrolling='no' height='200' style='width:100%;' src='https:\/\/www.ivoox.com\/player_ej_72303931_6_1.html'><\/iframe>\n\n\n\n<figure class=\"wp-block-image size-large is-resized\"><img loading=\"lazy\" decoding=\"async\" src=\"https:\/\/radiojabato.es\/wp-content\/uploads\/2021\/07\/LGTB.jpg\" alt=\"\" class=\"wp-image-1309\" width=\"142\" height=\"70\" srcset=\"https:\/\/radiojabato.es\/wp-content\/uploads\/2021\/07\/LGTB.jpg 324w, https:\/\/radiojabato.es\/wp-content\/uploads\/2021\/07\/LGTB-300x148.jpg 300w\" sizes=\"auto, (max-width: 142px) 100vw, 142px\" \/><\/figure>\n\n\n\n<figure class=\"wp-block-image size-large is-resized\"><img loading=\"lazy\" decoding=\"async\" src=\"https:\/\/radiojabato.es\/wp-content\/uploads\/2021\/07\/cidam.jpg\" alt=\"\" class=\"wp-image-1310\" width=\"144\" height=\"79\" srcset=\"https:\/\/radiojabato.es\/wp-content\/uploads\/2021\/07\/cidam.jpg 800w, https:\/\/radiojabato.es\/wp-content\/uploads\/2021\/07\/cidam-300x167.jpg 300w, https:\/\/radiojabato.es\/wp-content\/uploads\/2021\/07\/cidam-768x427.jpg 768w\" sizes=\"auto, (max-width: 144px) 100vw, 144px\" \/><\/figure>\n\n\n\n<figure class=\"wp-block-image size-large is-resized\"><img loading=\"lazy\" decoding=\"async\" src=\"https:\/\/radiojabato.es\/wp-content\/uploads\/2021\/07\/stop.jpg\" alt=\"\" class=\"wp-image-1311\" width=\"141\" height=\"139\"\/><\/figure>\n\n\n\n<p>En esta semana del orgullo LGTBQetc.. Francisco y Juli\u00e1n entrevistan a Mar\u00eda Teresa Gonz\u00e1lez Aus\u00edn, Concejala de Vivienda, Igualdad y Diversidad, donde charlamos sobre la situaci\u00f3n y cariz que est\u00e1 tomando el Pa\u00eds y Coslada ante la aprobaci\u00f3n de la nueva ley Trans, con las dudas y controversias que levanta.<\/p>\n","protected":false},"excerpt":{"rendered":"<p>En esta semana del orgullo LGTBQetc.. Francisco y Juli\u00e1n entrevistan a Mar\u00eda Teresa Gonz\u00e1lez Aus\u00edn, Concejala de Vivienda, Igualdad y Diversidad, donde charlamos sobre la situaci\u00f3n y cariz que est\u00e1 [&hellip;]<\/p>\n","protected":false},"author":2,"featured_media":0,"comment_status":"open","ping_status":"open","sticky":false,"template":"","format":"standard","meta":{"footnotes":""},"categories":[8,11,9],"tags":[],"class_list":["post-1308","post","type-post","status-publish","format-standard","hentry","category-accion-social","category-entrevistas","category-noticias"],"_links":{"self":[{"href":"https:\/\/radiojabato.es\/index.php?rest_route=\/wp\/v2\/posts\/1308","targetHints":{"allow":["GET"]}}],"collection":[{"href":"https:\/\/radiojabato.es\/index.php?rest_route=\/wp\/v2\/posts"}],"about":[{"href":"https:\/\/radiojabato.es\/index.php?rest_route=\/wp\/v2\/types\/post"}],"author":[{"embeddable":true,"href":"https:\/\/radiojabato.es\/index.php?rest_route=\/wp\/v2\/users\/2"}],"replies":[{"embeddable":true,"href":"https:\/\/radiojabato.es\/index.php?rest_route=%2Fwp%2Fv2%2Fcomments&post=1308"}],"version-history":[{"count":1,"href":"https:\/\/radiojabato.es\/index.php?rest_route=\/wp\/v2\/posts\/1308\/revisions"}],"predecessor-version":[{"id":1312,"href":"https:\/\/radiojabato.es\/index.php?rest_route=\/wp\/v2\/posts\/1308\/revisions\/1312"}],"wp:attachment":[{"href":"https:\/\/radiojabato.es\/index.php?rest_route=%2Fwp%2Fv2%2Fmedia&parent=1308"}],"wp:term":[{"taxonomy":"category","embeddable":true,"href":"https:\/\/radiojabato.es\/index.php?rest_route=%2Fwp%2Fv2%2Fcategories&post=1308"},{"taxonomy":"post_tag","embeddable":true,"href":"https:\/\/radiojabato.es\/index.php?rest_route=%2Fwp%2Fv2%2Ftags&post=1308"}],"curies":[{"name":"wp","href":"https:\/\/api.w.org\/{rel}","templated":true}]}}