{"id":1224,"date":"2021-06-04T19:51:09","date_gmt":"2021-06-04T19:51:09","guid":{"rendered":"https:\/\/radiojabato.es\/?p=1224"},"modified":"2021-06-04T19:51:09","modified_gmt":"2021-06-04T19:51:09","slug":"32-the-rake-leyenda-o-realidad-mas-vlad-tepes-dracula-historico-el-misterio-de-las-hurdes-y-mas","status":"publish","type":"post","link":"https:\/\/radiojabato.es\/?p=1224","title":{"rendered":"32 The RAKE Leyenda o realidad , mas Vlad Tepes DRACULA hist\u00f3rico, el misterio de las Hurdes y m\u00e1s\u2026.."},"content":{"rendered":"\n<figure class=\"wp-block-image size-large\"><img loading=\"lazy\" decoding=\"async\" width=\"570\" height=\"319\" src=\"https:\/\/radiojabato.es\/wp-content\/uploads\/2021\/06\/CARTEL.jpg\" alt=\"\" class=\"wp-image-1225\" srcset=\"https:\/\/radiojabato.es\/wp-content\/uploads\/2021\/06\/CARTEL.jpg 570w, https:\/\/radiojabato.es\/wp-content\/uploads\/2021\/06\/CARTEL-300x168.jpg 300w\" sizes=\"auto, (max-width: 570px) 100vw, 570px\" \/><\/figure>\n\n\n\n<p>Bienvenidas criaturas, a mis aposentos, con valent\u00eda y coraje, as\u00ed me gusta, pues hoy tenemos una noche, especialmente sangrienta,\u2026.<\/p>\n\n\n\n<audio class=\"wp-audio-shortcode\" id=\"audio-1224-1\" preload=\"none\" style=\"width: 100%;\" controls=\"controls\"><source type=\"audio\/mpeg\" src=\"https:\/\/www.ivoox.com\/32-the-rake-leyenda-o-realidad-mas_md_70980021_wp_1.mp3?_=1\" \/><a href=\"https:\/\/www.ivoox.com\/32-the-rake-leyenda-o-realidad-mas_md_70980021_wp_1.mp3\">https:\/\/www.ivoox.com\/32-the-rake-leyenda-o-realidad-mas_md_70980021_wp_1.mp3<\/a><\/audio> <a href=\"https:\/\/go.ivoox.com\/rf\/70980021\" title=\"32 The RAKE Leyenda o realidad , mas Vlad Tepes DRACULA hist\u00f3rico, el misterio de las Hurdes y m\u00e1s&#8230;..\">Ir a descargar<\/a>\n\n\n\n<p>Historia maldita,<\/p>\n\n\n\n<p>Siempre en una guerra, hay sangre y dolor, sufrimiento y terror, si no que se lo digan a nuestro protagonista y visita ilustre de esta noche con Lorena Marin de GRANADA SECRETA y Nury desde Mexico<\/p>\n\n\n\n<h2 class=\"wp-block-heading\">El Pr\u00edncipe de Valaquia, que durante el siglo XV, su inusitada crueldad de la que hizo gala durante su gobierno dio pie a una leyenda diab\u00f3lica que pas\u00f3 a la literatura de la mano de Bram Stoker.<\/h2>\n\n\n\n<h1 class=\"wp-block-heading\">Vlad tepes el empalador, el dr\u00e1cula hist\u00f3rico<\/h1>\n\n\n\n<p>Creepypasta<\/p>\n\n\n\n<p>Durante el verano de 2003, los acontecimientos en el noreste de Estados Unidos que involucran una extra\u00f1a criatura, parecida a la humana, despert\u00f3 el inter\u00e9s de los medios de comunicaci\u00f3n locales. Hay poca informaci\u00f3n o ninguna, los escritos y supuestas pruebas de la criatura fueron destruidas misteriosamente.<\/p>\n\n\n\n<p>\u00bfquer\u00e9is conocer a mi amigo? The rake \u00bfleyenda o realidad?<\/p>\n\n\n\n<p>Curiosidades hist\u00f3ricas.<\/p>\n\n\n\n<p>El Duende de Ladrillar, El Descabezado de Rubiaco, El T\u00edo del Bronci\u2026 son solo algunos de los fen\u00f3menos paranomarles de nuestro viaje hoy a la siempre misteriosa, intrigante y poco conocida, regi\u00f3n de Las Hurdes, un lugar repleto de encuentros cercanos con ovnis, arqueolog\u00eda misteriosa, brujas y sacrificios, entidades sobrenaturales, seres espectrales o diab\u00f3licos jam\u00e1s vistos en ning\u00fan otro lugar sobre la faz de la tierra.<\/p>\n\n\n\n<p>Con \u00c1lvaro Collantes de PLANETA Conspirativo<\/p>\n\n\n\n<figure class=\"wp-block-embed\"><div class=\"wp-block-embed__wrapper\">\nhttps:\/\/www.youtube.com\/channel\/UCyyKi-7BS8fiVM5iACyujwQ\n<\/div><\/figure>\n\n\n\n<p>Jose Escudero<\/p>\n\n\n\n<p>y cuidado que hac\u00e9is, que os vemos o que pens\u00e1is, que no sabemos que hac\u00e9is\u2026 que nadie os espi\u00e1, pues atentos a nuestra criatura filosofa hoy, aqu\u00ed lo dejo\u2026..<\/p>\n\n\n\n<p>As\u00ed que poneros c\u00f3modos, poneros en penumbra, subir volumen, que abrimos las puertas de<\/p>\n\n\n\n<p>terror y misterio con dark<\/p>\n","protected":false},"excerpt":{"rendered":"<p>Bienvenidas criaturas, a mis aposentos, con valent\u00eda y coraje, as\u00ed me gusta, pues hoy tenemos una noche, especialmente sangrienta,\u2026. Ir a descargar Historia maldita, Siempre en una guerra, hay sangre [&hellip;]<\/p>\n","protected":false},"author":2,"featured_media":1225,"comment_status":"open","ping_status":"open","sticky":false,"template":"","format":"standard","meta":{"footnotes":""},"categories":[35],"tags":[],"class_list":["post-1224","post","type-post","status-publish","format-standard","has-post-thumbnail","hentry","category-terror-y-misterio-con-dark"],"_links":{"self":[{"href":"https:\/\/radiojabato.es\/index.php?rest_route=\/wp\/v2\/posts\/1224","targetHints":{"allow":["GET"]}}],"collection":[{"href":"https:\/\/radiojabato.es\/index.php?rest_route=\/wp\/v2\/posts"}],"about":[{"href":"https:\/\/radiojabato.es\/index.php?rest_route=\/wp\/v2\/types\/post"}],"author":[{"embeddable":true,"href":"https:\/\/radiojabato.es\/index.php?rest_route=\/wp\/v2\/users\/2"}],"replies":[{"embeddable":true,"href":"https:\/\/radiojabato.es\/index.php?rest_route=%2Fwp%2Fv2%2Fcomments&post=1224"}],"version-history":[{"count":1,"href":"https:\/\/radiojabato.es\/index.php?rest_route=\/wp\/v2\/posts\/1224\/revisions"}],"predecessor-version":[{"id":1226,"href":"https:\/\/radiojabato.es\/index.php?rest_route=\/wp\/v2\/posts\/1224\/revisions\/1226"}],"wp:featuredmedia":[{"embeddable":true,"href":"https:\/\/radiojabato.es\/index.php?rest_route=\/wp\/v2\/media\/1225"}],"wp:attachment":[{"href":"https:\/\/radiojabato.es\/index.php?rest_route=%2Fwp%2Fv2%2Fmedia&parent=1224"}],"wp:term":[{"taxonomy":"category","embeddable":true,"href":"https:\/\/radiojabato.es\/index.php?rest_route=%2Fwp%2Fv2%2Fcategories&post=1224"},{"taxonomy":"post_tag","embeddable":true,"href":"https:\/\/radiojabato.es\/index.php?rest_route=%2Fwp%2Fv2%2Ftags&post=1224"}],"curies":[{"name":"wp","href":"https:\/\/api.w.org\/{rel}","templated":true}]}}