{"id":1179,"date":"2021-05-23T20:16:44","date_gmt":"2021-05-23T20:16:44","guid":{"rendered":"https:\/\/radiojabato.es\/?p=1179"},"modified":"2021-05-23T20:16:44","modified_gmt":"2021-05-23T20:16:44","slug":"cosas-de-los-nadie-caso-almeria-verguenza-nacional","status":"publish","type":"post","link":"https:\/\/radiojabato.es\/?p=1179","title":{"rendered":"Cosas de Los Nadie: \u00abCaso Almer\u00eda, Verg\u00fcenza Nacional\u00bb"},"content":{"rendered":"\n<iframe id='audio_70420010' frameborder='0' allowfullscreen='' scrolling='no' height='200' style='width:100%;' src='https:\/\/www.ivoox.com\/player_ej_70420010_6_1.html'><\/iframe>\n\n\n\n<figure class=\"wp-block-image size-large is-resized\"><img loading=\"lazy\" decoding=\"async\" src=\"https:\/\/radiojabato.es\/wp-content\/uploads\/2021\/05\/tres-del-caso-almeria.jpeg\" alt=\"\" class=\"wp-image-1180\" width=\"108\" height=\"61\" srcset=\"https:\/\/radiojabato.es\/wp-content\/uploads\/2021\/05\/tres-del-caso-almeria.jpeg 800w, https:\/\/radiojabato.es\/wp-content\/uploads\/2021\/05\/tres-del-caso-almeria-300x169.jpeg 300w, https:\/\/radiojabato.es\/wp-content\/uploads\/2021\/05\/tres-del-caso-almeria-768x432.jpeg 768w\" sizes=\"auto, (max-width: 108px) 100vw, 108px\" \/><figcaption>Juan Ma\u00f1as, Luis Montero y Luis Cobo<\/figcaption><\/figure>\n\n\n\n<figure class=\"wp-block-image size-large is-resized\"><img loading=\"lazy\" decoding=\"async\" src=\"https:\/\/radiojabato.es\/wp-content\/uploads\/2021\/05\/Maria-Manas-madre.jpg\" alt=\"\" class=\"wp-image-1181\" width=\"102\" height=\"149\"\/><figcaption>Mar\u00eda Ma\u00f1as<\/figcaption><\/figure>\n\n\n\n<figure class=\"wp-block-image size-large is-resized\"><img loading=\"lazy\" decoding=\"async\" src=\"https:\/\/radiojabato.es\/wp-content\/uploads\/2021\/05\/Francisco-Manas.jpg\" alt=\"\" class=\"wp-image-1182\" width=\"110\" height=\"86\" srcset=\"https:\/\/radiojabato.es\/wp-content\/uploads\/2021\/05\/Francisco-Manas.jpg 600w, https:\/\/radiojabato.es\/wp-content\/uploads\/2021\/05\/Francisco-Manas-300x234.jpg 300w\" sizes=\"auto, (max-width: 110px) 100vw, 110px\" \/><figcaption>Francisco Ma\u00f1as<\/figcaption><\/figure>\n\n\n\n<figure class=\"wp-block-image size-large is-resized\"><img loading=\"lazy\" decoding=\"async\" src=\"https:\/\/radiojabato.es\/wp-content\/uploads\/2021\/05\/castilloquero-asesino.jpg\" alt=\"\" class=\"wp-image-1183\" width=\"108\" height=\"220\"\/><figcaption>Teniente Coronel Castillo Quero uno de los terroristas.<\/figcaption><\/figure>\n\n\n\n<p>Despu\u00e9s de 40 a\u00f1os de injusticia, y a\u00fan esperando el reconocimiento de Guardia Civil y autoridades por este terrorismo de estado, el \u00abCaso Almer\u00eda\u00bb sigue mostrando esa impunidad que tras la supuesta transici\u00f3n e incluso con un gobierno del PSOE, los cuerpos de seguridad del estado tuvieron al asesinar \u00abde tres formas, a tiros, a palos y quemados\u00bb como dijo la madre de \u00abJuan Ma\u00f1as\u00bb el d\u00eda de la comuni\u00f3n de su hijo peque\u00f1o, impunidad que a\u00fan sigue.<br>Entrevistamos a Carlos Bachiller, activista y amigo de las familias que no deja de luchar, a MariCarmen Ma\u00f1as y Francisco Ma\u00f1as, herman@ de Juan, nos cuentan esta gran injusticia que solo busca el reconocimiento y la verdad de los 11 que salieron impunes y premiados por ASESINAR, MATAR Y TORTURAR a unos trabajadores.<\/p>\n","protected":false},"excerpt":{"rendered":"<p>Despu\u00e9s de 40 a\u00f1os de injusticia, y a\u00fan esperando el reconocimiento de Guardia Civil y autoridades por este terrorismo de estado, el \u00abCaso Almer\u00eda\u00bb sigue mostrando esa impunidad que tras [&hellip;]<\/p>\n","protected":false},"author":2,"featured_media":0,"comment_status":"open","ping_status":"open","sticky":false,"template":"","format":"standard","meta":{"footnotes":""},"categories":[37,11],"tags":[],"class_list":["post-1179","post","type-post","status-publish","format-standard","hentry","category-cosas-de-los-nadie","category-entrevistas"],"_links":{"self":[{"href":"https:\/\/radiojabato.es\/index.php?rest_route=\/wp\/v2\/posts\/1179","targetHints":{"allow":["GET"]}}],"collection":[{"href":"https:\/\/radiojabato.es\/index.php?rest_route=\/wp\/v2\/posts"}],"about":[{"href":"https:\/\/radiojabato.es\/index.php?rest_route=\/wp\/v2\/types\/post"}],"author":[{"embeddable":true,"href":"https:\/\/radiojabato.es\/index.php?rest_route=\/wp\/v2\/users\/2"}],"replies":[{"embeddable":true,"href":"https:\/\/radiojabato.es\/index.php?rest_route=%2Fwp%2Fv2%2Fcomments&post=1179"}],"version-history":[{"count":1,"href":"https:\/\/radiojabato.es\/index.php?rest_route=\/wp\/v2\/posts\/1179\/revisions"}],"predecessor-version":[{"id":1184,"href":"https:\/\/radiojabato.es\/index.php?rest_route=\/wp\/v2\/posts\/1179\/revisions\/1184"}],"wp:attachment":[{"href":"https:\/\/radiojabato.es\/index.php?rest_route=%2Fwp%2Fv2%2Fmedia&parent=1179"}],"wp:term":[{"taxonomy":"category","embeddable":true,"href":"https:\/\/radiojabato.es\/index.php?rest_route=%2Fwp%2Fv2%2Fcategories&post=1179"},{"taxonomy":"post_tag","embeddable":true,"href":"https:\/\/radiojabato.es\/index.php?rest_route=%2Fwp%2Fv2%2Ftags&post=1179"}],"curies":[{"name":"wp","href":"https:\/\/api.w.org\/{rel}","templated":true}]}}