{"id":1040,"date":"2021-04-15T19:51:56","date_gmt":"2021-04-15T19:51:56","guid":{"rendered":"https:\/\/radiojabato.es\/?p=1040"},"modified":"2021-04-15T19:51:56","modified_gmt":"2021-04-15T19:51:56","slug":"27-espectros-del-pasado-fantasmas-historicos-y-cosmos","status":"publish","type":"post","link":"https:\/\/radiojabato.es\/?p=1040","title":{"rendered":"27 ESPECTROS del pasado: Fantasmas hist\u00f3ricos y COSMOS"},"content":{"rendered":"\n<figure class=\"wp-block-image size-large\"><img loading=\"lazy\" decoding=\"async\" width=\"626\" height=\"438\" src=\"https:\/\/radiojabato.es\/wp-content\/uploads\/2021\/04\/CARTELESPACIOEXTERIOR1.jpg\" alt=\"\" class=\"wp-image-1041\" srcset=\"https:\/\/radiojabato.es\/wp-content\/uploads\/2021\/04\/CARTELESPACIOEXTERIOR1.jpg 626w, https:\/\/radiojabato.es\/wp-content\/uploads\/2021\/04\/CARTELESPACIOEXTERIOR1-300x210.jpg 300w\" sizes=\"auto, (max-width: 626px) 100vw, 626px\" \/><\/figure>\n\n\n\n<p>Bienvenidas criaturas a mis aposentos, dejar vuestros miedos apartados, que ya nos encargaremos nosotros de meteros mas en vuestras mentes.<\/p>\n\n\n\n<p>Hoy tenemos un programa , fantasmag\u00f3rico \u00a1ehh\u00a1, de manos de ESPACIO EXTERIOR, de nuestra criatura Rosario Fuentes con dos visitantes ilustres.<\/p>\n\n\n\n<audio class=\"wp-audio-shortcode\" id=\"audio-1040-1\" preload=\"none\" style=\"width: 100%;\" controls=\"controls\"><source type=\"audio\/mpeg\" src=\"https:\/\/www.ivoox.com\/27-espectros-del-pasado-fantasmas-historicos-cosmos_md_68656592_wp_1.mp3?_=1\" \/><a href=\"https:\/\/www.ivoox.com\/27-espectros-del-pasado-fantasmas-historicos-cosmos_md_68656592_wp_1.mp3\">https:\/\/www.ivoox.com\/27-espectros-del-pasado-fantasmas-historicos-cosmos_md_68656592_wp_1.mp3<\/a><\/audio> <a href=\"https:\/\/go.ivoox.com\/rf\/68656592\" title=\"27 ESPECTROS del pasado: Fantasmas hist\u00f3ricos y COSMOS\">Ir a descargar<\/a>\n\n\n\n<p>BLOQUE 1<\/p>\n\n\n\n<p>Viajaremos al pasado , con Oscar Sierra desde Costa Rica , divulgador del misterio , que nos hablara de la serie&nbsp;Cosmos, conducida por&nbsp;Carl Sagan; de 1980 que con un lenguaje simple y una selecci\u00f3n de temas e im\u00e1genes fascinantes del espacio, causo gran expectaci\u00f3n y \u00e9xito.<\/p>\n\n\n\n<p>BLOQUE 2<\/p>\n\n\n\n<p>Historias y terrores, fantasmas, poltergeists y presencias extra\u00f1as habitan entre vosotros y, en ocasiones, se dejan ver, bien de forma espont\u00e1nea. Los fantasmas poseen un misterio , algo aterrador, que reconocerlo, dan m\u00e1s miedo que una pel\u00edcula de terror , Por eso hoy nos acompa\u00f1a Jes\u00fas Callejo, historiador y escritor, con historias de fantasmas reales que os har\u00e1 dudar de ir con la luz apagada.<\/p>\n\n\n\n<p>Todo ellos presentado, por nuestra amiga y criatura del espacio Rosario fuentes, junto a DARK y RJ.<\/p>\n\n\n\n<p>As\u00ed que no les hagamos esperar mas, poneros c\u00f3modos, apagar luces, encender velas, poneros en silencio , que abrimos las puertas de<\/p>\n\n\n\n<p>TERROR Y MISTERIO CON DARK<\/p>\n\n\n\n<p><\/p>\n\n\n\n<p>REDES<\/p>\n\n\n\n<p>FACEBOOK @terrorymisteriocondark<\/p>\n\n\n\n<p>YOUTUBE @terrorymisteriocondark<\/p>\n\n\n\n<p>INSTAGRAM @errorymistery<\/p>\n\n\n\n<p>TIKTOK @darkyrj_<\/p>\n","protected":false},"excerpt":{"rendered":"<p>Bienvenidas criaturas a mis aposentos, dejar vuestros miedos apartados, que ya nos encargaremos nosotros de meteros mas en vuestras mentes. Hoy tenemos un programa , fantasmag\u00f3rico \u00a1ehh\u00a1, de manos de [&hellip;]<\/p>\n","protected":false},"author":2,"featured_media":1041,"comment_status":"open","ping_status":"open","sticky":false,"template":"","format":"standard","meta":{"footnotes":""},"categories":[35],"tags":[],"class_list":["post-1040","post","type-post","status-publish","format-standard","has-post-thumbnail","hentry","category-terror-y-misterio-con-dark"],"_links":{"self":[{"href":"https:\/\/radiojabato.es\/index.php?rest_route=\/wp\/v2\/posts\/1040","targetHints":{"allow":["GET"]}}],"collection":[{"href":"https:\/\/radiojabato.es\/index.php?rest_route=\/wp\/v2\/posts"}],"about":[{"href":"https:\/\/radiojabato.es\/index.php?rest_route=\/wp\/v2\/types\/post"}],"author":[{"embeddable":true,"href":"https:\/\/radiojabato.es\/index.php?rest_route=\/wp\/v2\/users\/2"}],"replies":[{"embeddable":true,"href":"https:\/\/radiojabato.es\/index.php?rest_route=%2Fwp%2Fv2%2Fcomments&post=1040"}],"version-history":[{"count":1,"href":"https:\/\/radiojabato.es\/index.php?rest_route=\/wp\/v2\/posts\/1040\/revisions"}],"predecessor-version":[{"id":1042,"href":"https:\/\/radiojabato.es\/index.php?rest_route=\/wp\/v2\/posts\/1040\/revisions\/1042"}],"wp:featuredmedia":[{"embeddable":true,"href":"https:\/\/radiojabato.es\/index.php?rest_route=\/wp\/v2\/media\/1041"}],"wp:attachment":[{"href":"https:\/\/radiojabato.es\/index.php?rest_route=%2Fwp%2Fv2%2Fmedia&parent=1040"}],"wp:term":[{"taxonomy":"category","embeddable":true,"href":"https:\/\/radiojabato.es\/index.php?rest_route=%2Fwp%2Fv2%2Fcategories&post=1040"},{"taxonomy":"post_tag","embeddable":true,"href":"https:\/\/radiojabato.es\/index.php?rest_route=%2Fwp%2Fv2%2Ftags&post=1040"}],"curies":[{"name":"wp","href":"https:\/\/api.w.org\/{rel}","templated":true}]}}